{"id":2610,"date":"2022-07-21T23:14:42","date_gmt":"2022-07-21T23:14:42","guid":{"rendered":"https:\/\/artepil.com\/english\/?p=2610"},"modified":"2023-03-07T23:32:09","modified_gmt":"2023-03-07T23:32:09","slug":"preparate-para-las-vacaciones-en-artepil-depilacion-brasilena-y-mas-en-puerto-vallarta-1","status":"publish","type":"post","link":"https:\/\/artepil.com\/english\/cuidado-personal\/preparate-para-las-vacaciones-en-artepil-depilacion-brasilena-y-mas-en-puerto-vallarta-1\/","title":{"rendered":"Prep\u00e1rate para las vacaciones en Artepil \u00a1Depilaci\u00f3n brasile\u00f1a y m\u00e1s en Puerto Vallarta!"},"content":{"rendered":"<p>El verano est\u00e1 aqu\u00ed, y es uno de los momentos preferidos para salir de vacaciones; ya sea para refrescarte en la playa, en alguna piscina, o simplemente salir de la rutina. En <a href=\"https:\/\/artepil.com\/english\/es\">Artepil<\/a> contamos con tratamientos para dejarte lista antes y despu\u00e9s de tus vacaciones, desde pedicure y manicure para que tus pies luzcan incre\u00edbles en la arena, masajes para aliviar el estr\u00e9s que causa planear las vacaciones perfectas, y tambi\u00e9n, contamos con la mejor depilaci\u00f3n brasile\u00f1a en Puerto Vallarta.<\/p>\n<p>Adem\u00e1s de traer consigo experiencias memorables, con el verano llegan cambios de temperatura, aumento en la radiaci\u00f3n solar, y por ende cambios en tu piel. Por eso es muy importante cuidar de nuestra piel, darle la importancia que se merece y acudir a manos expertas para realizar este trabajo.<\/p>\n<p>Si hablamos de expertos, sin duda <a href=\"https:\/\/artepil.com\/english\/es\">Artepil<\/a> se caracteriza por brindar el mejor servicio de depilaci\u00f3n en Puerto Vallarta. Luego de 20 a\u00f1os de ofrecer la depilaci\u00f3n brasile\u00f1a como nuestro servicio estrella, nos hemos encargado de perfeccionarlo con t\u00e9cnicas y productos que har\u00e1n de tu sesi\u00f3n, una experiencia relajante.<\/p>\n<p><strong>Si ya est\u00e1s lista para salir de vacaciones, \u00a1es hora de prepararte en Artepil, spa en Puerto Vallarta!<\/strong><\/p>\n<h2>Prep\u00e1rate para el verano en Artepil<\/h2>\n<p>Si ya elegiste tu destino, y tienes tu traje de ba\u00f1o listo, es hora de regalarte un tiempo de <strong><em>self care<\/em><\/strong>, y en Artepil, somos expertos en ello. Aqu\u00ed te dejamos una lista de servicios que har\u00e1n que disfrutes a\u00fan m\u00e1s tus vacaciones, \u00a1vis\u00edtanos en cualquiera de nuestras sucursales!<\/p>\n<h2>Depilaci\u00f3n brasile\u00f1a en Puerto Vallarta<\/h2>\n<p><img loading=\"lazy\" decoding=\"async\" class=\"aligncenter wp-image-2613 size-full\" src=\"https:\/\/artepil.com\/english\/wp-content\/uploads\/2023\/03\/Depilacionconcera_puertovallarta_1.jpg\" alt=\"\" width=\"800\" height=\"940\" srcset=\"https:\/\/artepil.com\/english\/wp-content\/uploads\/2023\/03\/Depilacionconcera_puertovallarta_1.jpg 800w, https:\/\/artepil.com\/english\/wp-content\/uploads\/2023\/03\/Depilacionconcera_puertovallarta_1-600x705.jpg 600w, https:\/\/artepil.com\/english\/wp-content\/uploads\/2023\/03\/Depilacionconcera_puertovallarta_1-255x300.jpg 255w, https:\/\/artepil.com\/english\/wp-content\/uploads\/2023\/03\/Depilacionconcera_puertovallarta_1-768x902.jpg 768w\" sizes=\"auto, (max-width: 800px) 100vw, 800px\" \/><\/p>\n<p>La comodidad es esencial para sentirte fresca y atractiva, y si t\u00fa te sientes m\u00e1s c\u00f3moda realiz\u00e1ndote una depilaci\u00f3n con cera antes de salir de vacaciones, \u00a1Artepil es la mejor opci\u00f3n para realizarte una depilaci\u00f3n de bikini en Puerto Vallarta!<\/p>\n<p>El servicio de <a href=\"https:\/\/artepil.com\/english\/es\/depilacion-europea\">depilaci\u00f3n con cera<\/a> que ofrecemos en Artepil, es con productos naturales con base de resinas de \u00e1rbol con propiedades hidratantes, este no deja residuos, y tiene la temperatura perfecta para solo dilatar tus poros, sin necesidad de quemar tu piel.<\/p>\n<p>Tu piel quedar\u00e1 suave, sin irritaciones, y adem\u00e1s, \u00a1el vello tardar\u00e1 m\u00e1s en crecer! Adem\u00e1s de contar con depilaci\u00f3n de bikini en Puerto Vallarta, tambi\u00e9n podr\u00e1s depilar tus piernas, brazos, bigote o cejas. Nuestro personal est\u00e1 ampliamente capacitado en esta t\u00e9cnica y garantiza el menor dolor posible.<\/p>\n<p>Si vas a hacerlo antes de salir de vacaciones, recuerda mencionarlo al hacer tu cita, nuestros profesionales te dir\u00e1n el tiempo adecuado para hacerlo antes de meterte a una alberca o a la playa.<\/p>\n<p>Puedes agendar tu cita dando clic <a href=\"https:\/\/artepil.com\/english\/es\/booking\">aqu\u00ed.<\/a><\/p>\n<h2>Manicure y Pedicure en Puerto Vallarta<\/h2>\n<p>El verano es la \u00e9poca perfecta para lucir esas sandalias que llevan meses arrumbadas en tu cl\u00f3set, dale a tus pies el descanso y el trato que se merecen y deja que nuestras manos expertas se encarguen de ellos.<\/p>\n<p>Contamos con diferentes servicios de manicure y pedicure, algunos de ellos te incluyen aromaterapia y un masaje relajante, perfecto para que inicies tus vacaciones relajada y con los pies perfectos.<\/p>\n<p>O si vas regresando de tus vacaciones, un servicio de <a href=\"https:\/\/artepil.com\/english\/es\/manicure-pedicure\">manicre y pedicure<\/a> en Puerto Vallarta, har\u00e1 que tus extremidades se revitalicen. Elige el servicio que deseas y reserva tu cita dando clic <a href=\"https:\/\/artepil.com\/english\/es\/booking\">aqu\u00ed.<\/a><\/p>\n<h2>Tratamientos corporales<\/h2>\n<p>Para antes y despu\u00e9s de salir de vacaciones, nuestros tratamientos corporales te van a encantar. Puedes realizarte una limpieza profunda para retirar las impurezas de tu espalda y lucir incre\u00edble con una blusa de espalda abierta, o tu traje de ba\u00f1o.<\/p>\n<p>Al regresar de vacaciones, nada te ser\u00e1 tan satisfactorio como una exfoliaci\u00f3n corporal, pues este tratamiento relajante remover\u00e1 tus c\u00e9lulas muertas, activar\u00e1 tu circulaci\u00f3n, suavizar\u00e1 tu piel y adem\u00e1s, promover\u00e1 la regeneraci\u00f3n celular. Te dar\u00e1 un boost de energ\u00eda para comenzar de nuevo tu rutina diaria.<\/p>\n<p><a href=\"https:\/\/artepil.com\/english\/es\/tratamientos-corporales\">D\u00e9jate consentir por nosotros y toma un tratamiento corporal en Artepil.<\/a><\/p>\n<h2>Masajes en Puerto Vallarta<\/h2>\n<p>Planear las vacaciones cansa, y seguro alguna vez escuchaste la frase: \u201cnecesito unas vacaciones de mis vacaciones\u201d, \u00a1en Artepil puedes hacerlo!<\/p>\n<p>Nuestros masajes combinan t\u00e9cnicas que act\u00faan no solo sobre tus m\u00fasculos, sino sobre todos tus sentidos: Un equilibrio din\u00e1mico entre paz y relajaci\u00f3n que tu cuerpo amar\u00e1.<\/p>\n<p>Puedes <a href=\"https:\/\/artepil.com\/english\/es\/masajes\">agendar un masaje<\/a> de pies, un masaje de espalda, o uno completamente dise\u00f1ado para ti.<\/p>\n<h2>Reserva una cita para depilaci\u00f3n u otro servicio en Puerto Vallarta<\/h2>\n<p><strong>Masaje, tratamiento corporal, manicure o depilaci\u00f3n con cera, no importa cu\u00e1l elijas, te aseguramos, saldr\u00e1s relajada y con mucha energ\u00eda para volver a la rutina.<\/strong><\/p>\n<p>Nuestro sello de calidad es la calidad y la constante satisfacci\u00f3n de nuestros clientes. Si est\u00e1s buscando depilaci\u00f3n de bikini en Puerto Vallarta, Artepil es tu opci\u00f3n, reserva una cita aqu\u00ed y comienza a disfrutar como te mereces.<\/p>\n","protected":false},"excerpt":{"rendered":"<p>El verano est\u00e1 aqu\u00ed, y es uno de los momentos preferidos para salir de vacaciones; ya sea para refrescarte en la playa, en alguna piscina, o simplemente&#8230;<\/p>\n","protected":false},"author":1,"featured_media":2614,"comment_status":"open","ping_status":"open","sticky":false,"template":"","format":"standard","meta":{"footnotes":""},"categories":[46],"tags":[],"class_list":["post-2610","post","type-post","status-publish","format-standard","has-post-thumbnail","hentry","category-cuidado-personal"],"yoast_head":"<!-- This site is optimized with the Yoast SEO Premium plugin v20.10 (Yoast SEO v21.3) - https:\/\/yoast.com\/wordpress\/plugins\/seo\/ -->\n<title>Prep\u00e1rate para las vacaciones en Artepil \u00a1Depilaci\u00f3n brasile\u00f1a y m\u00e1s en Puerto Vallarta! - Artepil<\/title>\n<meta name=\"robots\" content=\"index, follow, max-snippet:-1, max-image-preview:large, max-video-preview:-1\" \/>\n<link rel=\"canonical\" href=\"https:\/\/artepil.com\/english\/cuidado-personal\/preparate-para-las-vacaciones-en-artepil-depilacion-brasilena-y-mas-en-puerto-vallarta-1\/\" \/>\n<meta property=\"og:locale\" content=\"es_ES\" \/>\n<meta property=\"og:type\" content=\"article\" \/>\n<meta property=\"og:title\" content=\"Prep\u00e1rate para las vacaciones en Artepil \u00a1Depilaci\u00f3n brasile\u00f1a y m\u00e1s en Puerto Vallarta!\" \/>\n<meta property=\"og:description\" content=\"El verano est\u00e1 aqu\u00ed, y es uno de los momentos preferidos para salir de vacaciones; ya sea para refrescarte en la playa, en alguna piscina, o simplemente...\" \/>\n<meta property=\"og:url\" content=\"https:\/\/artepil.com\/english\/cuidado-personal\/preparate-para-las-vacaciones-en-artepil-depilacion-brasilena-y-mas-en-puerto-vallarta-1\/\" \/>\n<meta property=\"og:site_name\" content=\"Artepil\" \/>\n<meta property=\"article:publisher\" content=\"https:\/\/www.facebook.com\/artepilspavallarta\" \/>\n<meta property=\"article:published_time\" content=\"2022-07-21T23:14:42+00:00\" \/>\n<meta property=\"article:modified_time\" content=\"2023-03-07T23:32:09+00:00\" \/>\n<meta property=\"og:image\" content=\"https:\/\/artepil.com\/english\/wp-content\/uploads\/2023\/03\/preparate-para-las-vacaciones-en-artepil-depilacion-brasilena-y-mas-en-puerto-vallarta-1.jpg.webp\" \/>\n\t<meta property=\"og:image:width\" content=\"800\" \/>\n\t<meta property=\"og:image:height\" content=\"940\" \/>\n\t<meta property=\"og:image:type\" content=\"image\/webp\" \/>\n<meta name=\"author\" content=\"Artepil\" \/>\n<meta name=\"twitter:card\" content=\"summary_large_image\" \/>\n<meta name=\"twitter:label1\" content=\"Escrito por\" \/>\n\t<meta name=\"twitter:data1\" content=\"Artepil\" \/>\n\t<meta name=\"twitter:label2\" content=\"Tiempo de lectura\" \/>\n\t<meta name=\"twitter:data2\" content=\"4 minutos\" \/>\n<script type=\"application\/ld+json\" class=\"yoast-schema-graph\">{\"@context\":\"https:\/\/schema.org\",\"@graph\":[{\"@type\":\"Article\",\"@id\":\"https:\/\/artepil.com\/english\/cuidado-personal\/preparate-para-las-vacaciones-en-artepil-depilacion-brasilena-y-mas-en-puerto-vallarta-1\/#article\",\"isPartOf\":{\"@id\":\"https:\/\/artepil.com\/english\/cuidado-personal\/preparate-para-las-vacaciones-en-artepil-depilacion-brasilena-y-mas-en-puerto-vallarta-1\/\"},\"author\":{\"name\":\"Artepil\",\"@id\":\"https:\/\/artepil.com\/english\/#\/schema\/person\/7c072645abc125087967137bc08faf78\"},\"headline\":\"Prep\u00e1rate para las vacaciones en Artepil \u00a1Depilaci\u00f3n brasile\u00f1a y m\u00e1s en Puerto Vallarta!\",\"datePublished\":\"2022-07-21T23:14:42+00:00\",\"dateModified\":\"2023-03-07T23:32:09+00:00\",\"mainEntityOfPage\":{\"@id\":\"https:\/\/artepil.com\/english\/cuidado-personal\/preparate-para-las-vacaciones-en-artepil-depilacion-brasilena-y-mas-en-puerto-vallarta-1\/\"},\"wordCount\":859,\"commentCount\":0,\"publisher\":{\"@id\":\"https:\/\/artepil.com\/english\/#organization\"},\"articleSection\":[\"Cuidado Personal\"],\"inLanguage\":\"es\",\"potentialAction\":[{\"@type\":\"CommentAction\",\"name\":\"Comment\",\"target\":[\"https:\/\/artepil.com\/english\/cuidado-personal\/preparate-para-las-vacaciones-en-artepil-depilacion-brasilena-y-mas-en-puerto-vallarta-1\/#respond\"]}]},{\"@type\":\"WebPage\",\"@id\":\"https:\/\/artepil.com\/english\/cuidado-personal\/preparate-para-las-vacaciones-en-artepil-depilacion-brasilena-y-mas-en-puerto-vallarta-1\/\",\"url\":\"https:\/\/artepil.com\/english\/cuidado-personal\/preparate-para-las-vacaciones-en-artepil-depilacion-brasilena-y-mas-en-puerto-vallarta-1\/\",\"name\":\"Prep\u00e1rate para las vacaciones en Artepil \u00a1Depilaci\u00f3n brasile\u00f1a y m\u00e1s en Puerto Vallarta! - Artepil\",\"isPartOf\":{\"@id\":\"https:\/\/artepil.com\/english\/#website\"},\"datePublished\":\"2022-07-21T23:14:42+00:00\",\"dateModified\":\"2023-03-07T23:32:09+00:00\",\"breadcrumb\":{\"@id\":\"https:\/\/artepil.com\/english\/cuidado-personal\/preparate-para-las-vacaciones-en-artepil-depilacion-brasilena-y-mas-en-puerto-vallarta-1\/#breadcrumb\"},\"inLanguage\":\"es\",\"potentialAction\":[{\"@type\":\"ReadAction\",\"target\":[\"https:\/\/artepil.com\/english\/cuidado-personal\/preparate-para-las-vacaciones-en-artepil-depilacion-brasilena-y-mas-en-puerto-vallarta-1\/\"]}]},{\"@type\":\"BreadcrumbList\",\"@id\":\"https:\/\/artepil.com\/english\/cuidado-personal\/preparate-para-las-vacaciones-en-artepil-depilacion-brasilena-y-mas-en-puerto-vallarta-1\/#breadcrumb\",\"itemListElement\":[{\"@type\":\"ListItem\",\"position\":1,\"name\":\"Home\",\"item\":\"https:\/\/artepil.com\/english\/\"},{\"@type\":\"ListItem\",\"position\":2,\"name\":\"Prep\u00e1rate para las vacaciones en Artepil \u00a1Depilaci\u00f3n brasile\u00f1a y m\u00e1s en Puerto Vallarta!\"}]},{\"@type\":\"WebSite\",\"@id\":\"https:\/\/artepil.com\/english\/#website\",\"url\":\"https:\/\/artepil.com\/english\/\",\"name\":\"Artepil\",\"description\":\"El arte de ser yo\",\"publisher\":{\"@id\":\"https:\/\/artepil.com\/english\/#organization\"},\"potentialAction\":[{\"@type\":\"SearchAction\",\"target\":{\"@type\":\"EntryPoint\",\"urlTemplate\":\"https:\/\/artepil.com\/english\/?s={search_term_string}\"},\"query-input\":\"required name=search_term_string\"}],\"inLanguage\":\"es\"},{\"@type\":\"Organization\",\"@id\":\"https:\/\/artepil.com\/english\/#organization\",\"name\":\"Artepil Spa - Depilaci\u00f3n Europea\",\"url\":\"https:\/\/artepil.com\/english\/\",\"logo\":{\"@type\":\"ImageObject\",\"inLanguage\":\"es\",\"@id\":\"https:\/\/artepil.com\/english\/#\/schema\/logo\/image\/\",\"url\":\"https:\/\/artepil.com\/english\/wp-content\/uploads\/2018\/03\/artepil.svg\",\"contentUrl\":\"https:\/\/artepil.com\/english\/wp-content\/uploads\/2018\/03\/artepil.svg\",\"width\":250,\"height\":83,\"caption\":\"Artepil Spa - Depilaci\u00f3n Europea\"},\"image\":{\"@id\":\"https:\/\/artepil.com\/english\/#\/schema\/logo\/image\/\"},\"sameAs\":[\"https:\/\/www.facebook.com\/artepilspavallarta\",\"https:\/\/www.instagram.com\/artepilspa\/\"]},{\"@type\":\"Person\",\"@id\":\"https:\/\/artepil.com\/english\/#\/schema\/person\/7c072645abc125087967137bc08faf78\",\"name\":\"Artepil\",\"image\":{\"@type\":\"ImageObject\",\"inLanguage\":\"es\",\"@id\":\"https:\/\/artepil.com\/english\/#\/schema\/person\/image\/\",\"url\":\"https:\/\/secure.gravatar.com\/avatar\/51cae95391d519c689bafb2d0e1cbeea6cfd6167f2f69acfd98f1e9d04278758?s=96&d=mm&r=g\",\"contentUrl\":\"https:\/\/secure.gravatar.com\/avatar\/51cae95391d519c689bafb2d0e1cbeea6cfd6167f2f69acfd98f1e9d04278758?s=96&d=mm&r=g\",\"caption\":\"Artepil\"},\"sameAs\":[\"https:\/\/artepil.com\/english\"],\"url\":\"https:\/\/artepil.com\/english\/author\/adminartepil\/\"}]}<\/script>\n<!-- \/ Yoast SEO Premium plugin. -->","yoast_head_json":{"title":"Prep\u00e1rate para las vacaciones en Artepil \u00a1Depilaci\u00f3n brasile\u00f1a y m\u00e1s en Puerto Vallarta! - Artepil","robots":{"index":"index","follow":"follow","max-snippet":"max-snippet:-1","max-image-preview":"max-image-preview:large","max-video-preview":"max-video-preview:-1"},"canonical":"https:\/\/artepil.com\/english\/cuidado-personal\/preparate-para-las-vacaciones-en-artepil-depilacion-brasilena-y-mas-en-puerto-vallarta-1\/","og_locale":"es_ES","og_type":"article","og_title":"Prep\u00e1rate para las vacaciones en Artepil \u00a1Depilaci\u00f3n brasile\u00f1a y m\u00e1s en Puerto Vallarta!","og_description":"El verano est\u00e1 aqu\u00ed, y es uno de los momentos preferidos para salir de vacaciones; ya sea para refrescarte en la playa, en alguna piscina, o simplemente...","og_url":"https:\/\/artepil.com\/english\/cuidado-personal\/preparate-para-las-vacaciones-en-artepil-depilacion-brasilena-y-mas-en-puerto-vallarta-1\/","og_site_name":"Artepil","article_publisher":"https:\/\/www.facebook.com\/artepilspavallarta","article_published_time":"2022-07-21T23:14:42+00:00","article_modified_time":"2023-03-07T23:32:09+00:00","og_image":[{"width":800,"height":940,"url":"https:\/\/artepil.com\/english\/wp-content\/uploads\/2023\/03\/preparate-para-las-vacaciones-en-artepil-depilacion-brasilena-y-mas-en-puerto-vallarta-1.jpg.webp","type":"image\/webp"}],"author":"Artepil","twitter_card":"summary_large_image","twitter_misc":{"Escrito por":"Artepil","Tiempo de lectura":"4 minutos"},"schema":{"@context":"https:\/\/schema.org","@graph":[{"@type":"Article","@id":"https:\/\/artepil.com\/english\/cuidado-personal\/preparate-para-las-vacaciones-en-artepil-depilacion-brasilena-y-mas-en-puerto-vallarta-1\/#article","isPartOf":{"@id":"https:\/\/artepil.com\/english\/cuidado-personal\/preparate-para-las-vacaciones-en-artepil-depilacion-brasilena-y-mas-en-puerto-vallarta-1\/"},"author":{"name":"Artepil","@id":"https:\/\/artepil.com\/english\/#\/schema\/person\/7c072645abc125087967137bc08faf78"},"headline":"Prep\u00e1rate para las vacaciones en Artepil \u00a1Depilaci\u00f3n brasile\u00f1a y m\u00e1s en Puerto Vallarta!","datePublished":"2022-07-21T23:14:42+00:00","dateModified":"2023-03-07T23:32:09+00:00","mainEntityOfPage":{"@id":"https:\/\/artepil.com\/english\/cuidado-personal\/preparate-para-las-vacaciones-en-artepil-depilacion-brasilena-y-mas-en-puerto-vallarta-1\/"},"wordCount":859,"commentCount":0,"publisher":{"@id":"https:\/\/artepil.com\/english\/#organization"},"articleSection":["Cuidado Personal"],"inLanguage":"es","potentialAction":[{"@type":"CommentAction","name":"Comment","target":["https:\/\/artepil.com\/english\/cuidado-personal\/preparate-para-las-vacaciones-en-artepil-depilacion-brasilena-y-mas-en-puerto-vallarta-1\/#respond"]}]},{"@type":"WebPage","@id":"https:\/\/artepil.com\/english\/cuidado-personal\/preparate-para-las-vacaciones-en-artepil-depilacion-brasilena-y-mas-en-puerto-vallarta-1\/","url":"https:\/\/artepil.com\/english\/cuidado-personal\/preparate-para-las-vacaciones-en-artepil-depilacion-brasilena-y-mas-en-puerto-vallarta-1\/","name":"Prep\u00e1rate para las vacaciones en Artepil \u00a1Depilaci\u00f3n brasile\u00f1a y m\u00e1s en Puerto Vallarta! - Artepil","isPartOf":{"@id":"https:\/\/artepil.com\/english\/#website"},"datePublished":"2022-07-21T23:14:42+00:00","dateModified":"2023-03-07T23:32:09+00:00","breadcrumb":{"@id":"https:\/\/artepil.com\/english\/cuidado-personal\/preparate-para-las-vacaciones-en-artepil-depilacion-brasilena-y-mas-en-puerto-vallarta-1\/#breadcrumb"},"inLanguage":"es","potentialAction":[{"@type":"ReadAction","target":["https:\/\/artepil.com\/english\/cuidado-personal\/preparate-para-las-vacaciones-en-artepil-depilacion-brasilena-y-mas-en-puerto-vallarta-1\/"]}]},{"@type":"BreadcrumbList","@id":"https:\/\/artepil.com\/english\/cuidado-personal\/preparate-para-las-vacaciones-en-artepil-depilacion-brasilena-y-mas-en-puerto-vallarta-1\/#breadcrumb","itemListElement":[{"@type":"ListItem","position":1,"name":"Home","item":"https:\/\/artepil.com\/english\/"},{"@type":"ListItem","position":2,"name":"Prep\u00e1rate para las vacaciones en Artepil \u00a1Depilaci\u00f3n brasile\u00f1a y m\u00e1s en Puerto Vallarta!"}]},{"@type":"WebSite","@id":"https:\/\/artepil.com\/english\/#website","url":"https:\/\/artepil.com\/english\/","name":"Artepil","description":"El arte de ser yo","publisher":{"@id":"https:\/\/artepil.com\/english\/#organization"},"potentialAction":[{"@type":"SearchAction","target":{"@type":"EntryPoint","urlTemplate":"https:\/\/artepil.com\/english\/?s={search_term_string}"},"query-input":"required name=search_term_string"}],"inLanguage":"es"},{"@type":"Organization","@id":"https:\/\/artepil.com\/english\/#organization","name":"Artepil Spa - Depilaci\u00f3n Europea","url":"https:\/\/artepil.com\/english\/","logo":{"@type":"ImageObject","inLanguage":"es","@id":"https:\/\/artepil.com\/english\/#\/schema\/logo\/image\/","url":"https:\/\/artepil.com\/english\/wp-content\/uploads\/2018\/03\/artepil.svg","contentUrl":"https:\/\/artepil.com\/english\/wp-content\/uploads\/2018\/03\/artepil.svg","width":250,"height":83,"caption":"Artepil Spa - Depilaci\u00f3n Europea"},"image":{"@id":"https:\/\/artepil.com\/english\/#\/schema\/logo\/image\/"},"sameAs":["https:\/\/www.facebook.com\/artepilspavallarta","https:\/\/www.instagram.com\/artepilspa\/"]},{"@type":"Person","@id":"https:\/\/artepil.com\/english\/#\/schema\/person\/7c072645abc125087967137bc08faf78","name":"Artepil","image":{"@type":"ImageObject","inLanguage":"es","@id":"https:\/\/artepil.com\/english\/#\/schema\/person\/image\/","url":"https:\/\/secure.gravatar.com\/avatar\/51cae95391d519c689bafb2d0e1cbeea6cfd6167f2f69acfd98f1e9d04278758?s=96&d=mm&r=g","contentUrl":"https:\/\/secure.gravatar.com\/avatar\/51cae95391d519c689bafb2d0e1cbeea6cfd6167f2f69acfd98f1e9d04278758?s=96&d=mm&r=g","caption":"Artepil"},"sameAs":["https:\/\/artepil.com\/english"],"url":"https:\/\/artepil.com\/english\/author\/adminartepil\/"}]}},"_links":{"self":[{"href":"https:\/\/artepil.com\/english\/wp-json\/wp\/v2\/posts\/2610","targetHints":{"allow":["GET"]}}],"collection":[{"href":"https:\/\/artepil.com\/english\/wp-json\/wp\/v2\/posts"}],"about":[{"href":"https:\/\/artepil.com\/english\/wp-json\/wp\/v2\/types\/post"}],"author":[{"embeddable":true,"href":"https:\/\/artepil.com\/english\/wp-json\/wp\/v2\/users\/1"}],"replies":[{"embeddable":true,"href":"https:\/\/artepil.com\/english\/wp-json\/wp\/v2\/comments?post=2610"}],"version-history":[{"count":6,"href":"https:\/\/artepil.com\/english\/wp-json\/wp\/v2\/posts\/2610\/revisions"}],"predecessor-version":[{"id":2619,"href":"https:\/\/artepil.com\/english\/wp-json\/wp\/v2\/posts\/2610\/revisions\/2619"}],"wp:featuredmedia":[{"embeddable":true,"href":"https:\/\/artepil.com\/english\/wp-json\/wp\/v2\/media\/2614"}],"wp:attachment":[{"href":"https:\/\/artepil.com\/english\/wp-json\/wp\/v2\/media?parent=2610"}],"wp:term":[{"taxonomy":"category","embeddable":true,"href":"https:\/\/artepil.com\/english\/wp-json\/wp\/v2\/categories?post=2610"},{"taxonomy":"post_tag","embeddable":true,"href":"https:\/\/artepil.com\/english\/wp-json\/wp\/v2\/tags?post=2610"}],"curies":[{"name":"wp","href":"https:\/\/api.w.org\/{rel}","templated":true}]}}