{"id":2738,"date":"2021-12-16T22:12:13","date_gmt":"2021-12-16T22:12:13","guid":{"rendered":"https:\/\/artepil.com\/english\/?p=2738"},"modified":"2023-03-08T22:17:04","modified_gmt":"2023-03-08T22:17:04","slug":"la-importancia-del-cuidado-de-la-piel-masculina","status":"publish","type":"post","link":"https:\/\/artepil.com\/english\/salud\/la-importancia-del-cuidado-de-la-piel-masculina\/","title":{"rendered":"La importancia del cuidado de la piel masculina"},"content":{"rendered":"<p>La piel es el \u00f3rgano m\u00e1s grande que tenemos, es la encargada de protegerte contra bacterias, toxinas y dem\u00e1s sustancias da\u00f1inas que se encuentran en el medio ambiente. Cada vez m\u00e1s y m\u00e1s hombres se est\u00e1n interesando por cuidar su piel, dale el trato que merece y consentirla, finalmente tener un rostro y piel sana, brillante y llena de vida, no es cuesti\u00f3n de g\u00e9nero, sino de amor por ti mismo.<\/p>\n<p>Si est\u00e1s iniciando el arte de cuidar tu piel, en Artepil te daremos algunos consejos que te facilitar\u00e1n el camino \u00a1Ven a descubrirlos!<\/p>\n<h2>\u00bfC\u00f3mo comenzar a cuidar mi piel?<\/h2>\n<p>En el mundo del cuidado de la piel, primero hay que comenzar por identificar tu tipo de piel, si es sensible, grasa, seca o mixta. De igual forma tu rutina de cuidado variar\u00e1 si cuentas con vello facial o no.<\/p>\n<p><img loading=\"lazy\" decoding=\"async\" class=\"aligncenter wp-image-2740 size-full\" src=\"https:\/\/artepil.com\/english\/wp-content\/uploads\/2023\/03\/16_Artepil_Spa_PuertoVallarta_1.jpg\" alt=\"\" width=\"800\" height=\"940\" srcset=\"https:\/\/artepil.com\/english\/wp-content\/uploads\/2023\/03\/16_Artepil_Spa_PuertoVallarta_1.jpg 800w, https:\/\/artepil.com\/english\/wp-content\/uploads\/2023\/03\/16_Artepil_Spa_PuertoVallarta_1-600x705.jpg 600w, https:\/\/artepil.com\/english\/wp-content\/uploads\/2023\/03\/16_Artepil_Spa_PuertoVallarta_1-255x300.jpg 255w, https:\/\/artepil.com\/english\/wp-content\/uploads\/2023\/03\/16_Artepil_Spa_PuertoVallarta_1-768x902.jpg 768w\" sizes=\"auto, (max-width: 800px) 100vw, 800px\" \/><\/p>\n<h3>Piel seca<\/h3>\n<p>Los s\u00edntomas o signos de la piel seca pueden variar dependiendo de la edad o el estado de salud, pero en general se presentan con ligeras grietas, sensaci\u00f3n de tirantez al salir de ba\u00f1arte o ligera comez\u00f3n. Para este tipo de piel te recomendamos empezar con un facial hidratante, te ayudar\u00e1 con la regeneraci\u00f3n celular y a darle una apariencia suave y llena de vida a tu rostro.<\/p>\n<h3>Piel mixta<\/h3>\n<p>Si presentas impurezas en nariz o frente, y adem\u00e1s tienes \u00e1reas donde la piel seca se hace presente, seguramente tienes piel mixta. Es necesario que tengas una buena limpieza e hidrataci\u00f3n, en Artepil nos encantar\u00eda consentirte con un facial de renovaci\u00f3n total. Se te realizar\u00e1 una limpieza profunda y adem\u00e1s un tratamiento de nutrici\u00f3n total. Este consentir\u00e1 tu piel de la manera que necesitas, haciendo una limpieza en las \u00e1reas donde se presentan las impurezas y nutriendo la piel seca, as\u00ed lograr\u00e1s un aspecto joven y te dar\u00e1 el brillo que tanto necesitas.<\/p>\n<h3>Piel grasa<\/h3>\n<p>Tu piel brilla m\u00e1s de lo que deseas, adem\u00e1s presentas poros abiertos y eres propenso a tener granitos, tu piel es grasa. Si tu piel no presenta un problema grave de acn\u00e9, te recomendamos hacerte un facial anti-acn\u00e9 nuestros expertos le dar\u00e1n a tu piel el cuidado especial que necesita, realiz\u00e1ndote una limpieza profunda y poni\u00e9ndote un tratamiento enfocado en tratar el acn\u00e9 \u00a1Saldr\u00e1s como nuevo!<\/p>\n<h3>Vello facial<\/h3>\n<p>Desde delineado de barba, hasta depilado de cejas, orejas o bigote. En Artepil nos aseguraremos de que siempre luzcas aseado, c\u00f3modo y vanguardista.<\/p>\n<p>Comenzar a cuidar de tu piel no es una tarea f\u00e1cil, sin embargo, al dejar esta tarea en las manos expertas del equipo de Artepil te lo facilitar\u00e1s.<\/p>\n<p>Cont\u00e1ctanos o haz tu cita en l\u00ednea \u00a1El Arte de cuidarte empieza en Artepil!<\/p>\n","protected":false},"excerpt":{"rendered":"<p>La piel es el \u00f3rgano m\u00e1s grande que tenemos, es la encargada de protegerte contra bacterias, toxinas y dem\u00e1s sustancias da\u00f1inas que se encuentran en el medio&#8230;<\/p>\n","protected":false},"author":1,"featured_media":2741,"comment_status":"open","ping_status":"open","sticky":false,"template":"","format":"standard","meta":{"footnotes":""},"categories":[53],"tags":[],"class_list":["post-2738","post","type-post","status-publish","format-standard","has-post-thumbnail","hentry","category-salud"],"yoast_head":"<!-- This site is optimized with the Yoast SEO Premium plugin v20.10 (Yoast SEO v21.3) - https:\/\/yoast.com\/wordpress\/plugins\/seo\/ -->\n<title>La importancia del cuidado de la piel masculina - Artepil<\/title>\n<meta name=\"robots\" content=\"index, follow, max-snippet:-1, max-image-preview:large, max-video-preview:-1\" \/>\n<link rel=\"canonical\" href=\"https:\/\/artepil.com\/english\/salud\/la-importancia-del-cuidado-de-la-piel-masculina\/\" \/>\n<meta property=\"og:locale\" content=\"es_ES\" \/>\n<meta property=\"og:type\" content=\"article\" \/>\n<meta property=\"og:title\" content=\"La importancia del cuidado de la piel masculina\" \/>\n<meta property=\"og:description\" content=\"La piel es el \u00f3rgano m\u00e1s grande que tenemos, es la encargada de protegerte contra bacterias, toxinas y dem\u00e1s sustancias da\u00f1inas que se encuentran en el medio...\" \/>\n<meta property=\"og:url\" content=\"https:\/\/artepil.com\/english\/salud\/la-importancia-del-cuidado-de-la-piel-masculina\/\" \/>\n<meta property=\"og:site_name\" content=\"Artepil\" \/>\n<meta property=\"article:publisher\" content=\"https:\/\/www.facebook.com\/artepilspavallarta\" \/>\n<meta property=\"article:published_time\" content=\"2021-12-16T22:12:13+00:00\" \/>\n<meta property=\"article:modified_time\" content=\"2023-03-08T22:17:04+00:00\" \/>\n<meta property=\"og:image\" content=\"https:\/\/artepil.com\/english\/wp-content\/uploads\/2023\/03\/la-importancia-del-cuidado-de-la-piel-masculina.jpg.webp\" \/>\n\t<meta property=\"og:image:width\" content=\"800\" \/>\n\t<meta property=\"og:image:height\" content=\"940\" \/>\n\t<meta property=\"og:image:type\" content=\"image\/webp\" \/>\n<meta name=\"author\" content=\"Artepil\" \/>\n<meta name=\"twitter:card\" content=\"summary_large_image\" \/>\n<meta name=\"twitter:label1\" content=\"Escrito por\" \/>\n\t<meta name=\"twitter:data1\" content=\"Artepil\" \/>\n\t<meta name=\"twitter:label2\" content=\"Tiempo de lectura\" \/>\n\t<meta name=\"twitter:data2\" content=\"2 minutos\" \/>\n<script type=\"application\/ld+json\" class=\"yoast-schema-graph\">{\"@context\":\"https:\/\/schema.org\",\"@graph\":[{\"@type\":\"Article\",\"@id\":\"https:\/\/artepil.com\/english\/salud\/la-importancia-del-cuidado-de-la-piel-masculina\/#article\",\"isPartOf\":{\"@id\":\"https:\/\/artepil.com\/english\/salud\/la-importancia-del-cuidado-de-la-piel-masculina\/\"},\"author\":{\"name\":\"Artepil\",\"@id\":\"https:\/\/artepil.com\/english\/#\/schema\/person\/7c072645abc125087967137bc08faf78\"},\"headline\":\"La importancia del cuidado de la piel masculina\",\"datePublished\":\"2021-12-16T22:12:13+00:00\",\"dateModified\":\"2023-03-08T22:17:04+00:00\",\"mainEntityOfPage\":{\"@id\":\"https:\/\/artepil.com\/english\/salud\/la-importancia-del-cuidado-de-la-piel-masculina\/\"},\"wordCount\":482,\"commentCount\":0,\"publisher\":{\"@id\":\"https:\/\/artepil.com\/english\/#organization\"},\"articleSection\":[\"Salud\"],\"inLanguage\":\"es\",\"potentialAction\":[{\"@type\":\"CommentAction\",\"name\":\"Comment\",\"target\":[\"https:\/\/artepil.com\/english\/salud\/la-importancia-del-cuidado-de-la-piel-masculina\/#respond\"]}]},{\"@type\":\"WebPage\",\"@id\":\"https:\/\/artepil.com\/english\/salud\/la-importancia-del-cuidado-de-la-piel-masculina\/\",\"url\":\"https:\/\/artepil.com\/english\/salud\/la-importancia-del-cuidado-de-la-piel-masculina\/\",\"name\":\"La importancia del cuidado de la piel masculina - Artepil\",\"isPartOf\":{\"@id\":\"https:\/\/artepil.com\/english\/#website\"},\"datePublished\":\"2021-12-16T22:12:13+00:00\",\"dateModified\":\"2023-03-08T22:17:04+00:00\",\"breadcrumb\":{\"@id\":\"https:\/\/artepil.com\/english\/salud\/la-importancia-del-cuidado-de-la-piel-masculina\/#breadcrumb\"},\"inLanguage\":\"es\",\"potentialAction\":[{\"@type\":\"ReadAction\",\"target\":[\"https:\/\/artepil.com\/english\/salud\/la-importancia-del-cuidado-de-la-piel-masculina\/\"]}]},{\"@type\":\"BreadcrumbList\",\"@id\":\"https:\/\/artepil.com\/english\/salud\/la-importancia-del-cuidado-de-la-piel-masculina\/#breadcrumb\",\"itemListElement\":[{\"@type\":\"ListItem\",\"position\":1,\"name\":\"Home\",\"item\":\"https:\/\/artepil.com\/english\/\"},{\"@type\":\"ListItem\",\"position\":2,\"name\":\"La importancia del cuidado de la piel masculina\"}]},{\"@type\":\"WebSite\",\"@id\":\"https:\/\/artepil.com\/english\/#website\",\"url\":\"https:\/\/artepil.com\/english\/\",\"name\":\"Artepil\",\"description\":\"El arte de ser yo\",\"publisher\":{\"@id\":\"https:\/\/artepil.com\/english\/#organization\"},\"potentialAction\":[{\"@type\":\"SearchAction\",\"target\":{\"@type\":\"EntryPoint\",\"urlTemplate\":\"https:\/\/artepil.com\/english\/?s={search_term_string}\"},\"query-input\":\"required name=search_term_string\"}],\"inLanguage\":\"es\"},{\"@type\":\"Organization\",\"@id\":\"https:\/\/artepil.com\/english\/#organization\",\"name\":\"Artepil Spa - Depilaci\u00f3n Europea\",\"url\":\"https:\/\/artepil.com\/english\/\",\"logo\":{\"@type\":\"ImageObject\",\"inLanguage\":\"es\",\"@id\":\"https:\/\/artepil.com\/english\/#\/schema\/logo\/image\/\",\"url\":\"https:\/\/artepil.com\/english\/wp-content\/uploads\/2018\/03\/artepil.svg\",\"contentUrl\":\"https:\/\/artepil.com\/english\/wp-content\/uploads\/2018\/03\/artepil.svg\",\"width\":250,\"height\":83,\"caption\":\"Artepil Spa - Depilaci\u00f3n Europea\"},\"image\":{\"@id\":\"https:\/\/artepil.com\/english\/#\/schema\/logo\/image\/\"},\"sameAs\":[\"https:\/\/www.facebook.com\/artepilspavallarta\",\"https:\/\/www.instagram.com\/artepilspa\/\"]},{\"@type\":\"Person\",\"@id\":\"https:\/\/artepil.com\/english\/#\/schema\/person\/7c072645abc125087967137bc08faf78\",\"name\":\"Artepil\",\"image\":{\"@type\":\"ImageObject\",\"inLanguage\":\"es\",\"@id\":\"https:\/\/artepil.com\/english\/#\/schema\/person\/image\/\",\"url\":\"https:\/\/secure.gravatar.com\/avatar\/51cae95391d519c689bafb2d0e1cbeea6cfd6167f2f69acfd98f1e9d04278758?s=96&d=mm&r=g\",\"contentUrl\":\"https:\/\/secure.gravatar.com\/avatar\/51cae95391d519c689bafb2d0e1cbeea6cfd6167f2f69acfd98f1e9d04278758?s=96&d=mm&r=g\",\"caption\":\"Artepil\"},\"sameAs\":[\"https:\/\/artepil.com\/english\"],\"url\":\"https:\/\/artepil.com\/english\/author\/adminartepil\/\"}]}<\/script>\n<!-- \/ Yoast SEO Premium plugin. -->","yoast_head_json":{"title":"La importancia del cuidado de la piel masculina - Artepil","robots":{"index":"index","follow":"follow","max-snippet":"max-snippet:-1","max-image-preview":"max-image-preview:large","max-video-preview":"max-video-preview:-1"},"canonical":"https:\/\/artepil.com\/english\/salud\/la-importancia-del-cuidado-de-la-piel-masculina\/","og_locale":"es_ES","og_type":"article","og_title":"La importancia del cuidado de la piel masculina","og_description":"La piel es el \u00f3rgano m\u00e1s grande que tenemos, es la encargada de protegerte contra bacterias, toxinas y dem\u00e1s sustancias da\u00f1inas que se encuentran en el medio...","og_url":"https:\/\/artepil.com\/english\/salud\/la-importancia-del-cuidado-de-la-piel-masculina\/","og_site_name":"Artepil","article_publisher":"https:\/\/www.facebook.com\/artepilspavallarta","article_published_time":"2021-12-16T22:12:13+00:00","article_modified_time":"2023-03-08T22:17:04+00:00","og_image":[{"width":800,"height":940,"url":"https:\/\/artepil.com\/english\/wp-content\/uploads\/2023\/03\/la-importancia-del-cuidado-de-la-piel-masculina.jpg.webp","type":"image\/webp"}],"author":"Artepil","twitter_card":"summary_large_image","twitter_misc":{"Escrito por":"Artepil","Tiempo de lectura":"2 minutos"},"schema":{"@context":"https:\/\/schema.org","@graph":[{"@type":"Article","@id":"https:\/\/artepil.com\/english\/salud\/la-importancia-del-cuidado-de-la-piel-masculina\/#article","isPartOf":{"@id":"https:\/\/artepil.com\/english\/salud\/la-importancia-del-cuidado-de-la-piel-masculina\/"},"author":{"name":"Artepil","@id":"https:\/\/artepil.com\/english\/#\/schema\/person\/7c072645abc125087967137bc08faf78"},"headline":"La importancia del cuidado de la piel masculina","datePublished":"2021-12-16T22:12:13+00:00","dateModified":"2023-03-08T22:17:04+00:00","mainEntityOfPage":{"@id":"https:\/\/artepil.com\/english\/salud\/la-importancia-del-cuidado-de-la-piel-masculina\/"},"wordCount":482,"commentCount":0,"publisher":{"@id":"https:\/\/artepil.com\/english\/#organization"},"articleSection":["Salud"],"inLanguage":"es","potentialAction":[{"@type":"CommentAction","name":"Comment","target":["https:\/\/artepil.com\/english\/salud\/la-importancia-del-cuidado-de-la-piel-masculina\/#respond"]}]},{"@type":"WebPage","@id":"https:\/\/artepil.com\/english\/salud\/la-importancia-del-cuidado-de-la-piel-masculina\/","url":"https:\/\/artepil.com\/english\/salud\/la-importancia-del-cuidado-de-la-piel-masculina\/","name":"La importancia del cuidado de la piel masculina - Artepil","isPartOf":{"@id":"https:\/\/artepil.com\/english\/#website"},"datePublished":"2021-12-16T22:12:13+00:00","dateModified":"2023-03-08T22:17:04+00:00","breadcrumb":{"@id":"https:\/\/artepil.com\/english\/salud\/la-importancia-del-cuidado-de-la-piel-masculina\/#breadcrumb"},"inLanguage":"es","potentialAction":[{"@type":"ReadAction","target":["https:\/\/artepil.com\/english\/salud\/la-importancia-del-cuidado-de-la-piel-masculina\/"]}]},{"@type":"BreadcrumbList","@id":"https:\/\/artepil.com\/english\/salud\/la-importancia-del-cuidado-de-la-piel-masculina\/#breadcrumb","itemListElement":[{"@type":"ListItem","position":1,"name":"Home","item":"https:\/\/artepil.com\/english\/"},{"@type":"ListItem","position":2,"name":"La importancia del cuidado de la piel masculina"}]},{"@type":"WebSite","@id":"https:\/\/artepil.com\/english\/#website","url":"https:\/\/artepil.com\/english\/","name":"Artepil","description":"El arte de ser yo","publisher":{"@id":"https:\/\/artepil.com\/english\/#organization"},"potentialAction":[{"@type":"SearchAction","target":{"@type":"EntryPoint","urlTemplate":"https:\/\/artepil.com\/english\/?s={search_term_string}"},"query-input":"required name=search_term_string"}],"inLanguage":"es"},{"@type":"Organization","@id":"https:\/\/artepil.com\/english\/#organization","name":"Artepil Spa - Depilaci\u00f3n Europea","url":"https:\/\/artepil.com\/english\/","logo":{"@type":"ImageObject","inLanguage":"es","@id":"https:\/\/artepil.com\/english\/#\/schema\/logo\/image\/","url":"https:\/\/artepil.com\/english\/wp-content\/uploads\/2018\/03\/artepil.svg","contentUrl":"https:\/\/artepil.com\/english\/wp-content\/uploads\/2018\/03\/artepil.svg","width":250,"height":83,"caption":"Artepil Spa - Depilaci\u00f3n Europea"},"image":{"@id":"https:\/\/artepil.com\/english\/#\/schema\/logo\/image\/"},"sameAs":["https:\/\/www.facebook.com\/artepilspavallarta","https:\/\/www.instagram.com\/artepilspa\/"]},{"@type":"Person","@id":"https:\/\/artepil.com\/english\/#\/schema\/person\/7c072645abc125087967137bc08faf78","name":"Artepil","image":{"@type":"ImageObject","inLanguage":"es","@id":"https:\/\/artepil.com\/english\/#\/schema\/person\/image\/","url":"https:\/\/secure.gravatar.com\/avatar\/51cae95391d519c689bafb2d0e1cbeea6cfd6167f2f69acfd98f1e9d04278758?s=96&d=mm&r=g","contentUrl":"https:\/\/secure.gravatar.com\/avatar\/51cae95391d519c689bafb2d0e1cbeea6cfd6167f2f69acfd98f1e9d04278758?s=96&d=mm&r=g","caption":"Artepil"},"sameAs":["https:\/\/artepil.com\/english"],"url":"https:\/\/artepil.com\/english\/author\/adminartepil\/"}]}},"_links":{"self":[{"href":"https:\/\/artepil.com\/english\/wp-json\/wp\/v2\/posts\/2738","targetHints":{"allow":["GET"]}}],"collection":[{"href":"https:\/\/artepil.com\/english\/wp-json\/wp\/v2\/posts"}],"about":[{"href":"https:\/\/artepil.com\/english\/wp-json\/wp\/v2\/types\/post"}],"author":[{"embeddable":true,"href":"https:\/\/artepil.com\/english\/wp-json\/wp\/v2\/users\/1"}],"replies":[{"embeddable":true,"href":"https:\/\/artepil.com\/english\/wp-json\/wp\/v2\/comments?post=2738"}],"version-history":[{"count":3,"href":"https:\/\/artepil.com\/english\/wp-json\/wp\/v2\/posts\/2738\/revisions"}],"predecessor-version":[{"id":2744,"href":"https:\/\/artepil.com\/english\/wp-json\/wp\/v2\/posts\/2738\/revisions\/2744"}],"wp:featuredmedia":[{"embeddable":true,"href":"https:\/\/artepil.com\/english\/wp-json\/wp\/v2\/media\/2741"}],"wp:attachment":[{"href":"https:\/\/artepil.com\/english\/wp-json\/wp\/v2\/media?parent=2738"}],"wp:term":[{"taxonomy":"category","embeddable":true,"href":"https:\/\/artepil.com\/english\/wp-json\/wp\/v2\/categories?post=2738"},{"taxonomy":"post_tag","embeddable":true,"href":"https:\/\/artepil.com\/english\/wp-json\/wp\/v2\/tags?post=2738"}],"curies":[{"name":"wp","href":"https:\/\/api.w.org\/{rel}","templated":true}]}}