{"id":2745,"date":"2021-12-06T22:20:26","date_gmt":"2021-12-06T22:20:26","guid":{"rendered":"https:\/\/artepil.com\/english\/?p=2745"},"modified":"2023-03-08T22:27:41","modified_gmt":"2023-03-08T22:27:41","slug":"preparate-para-las-fiestas-en-artepil","status":"publish","type":"post","link":"https:\/\/artepil.com\/english\/cuidado-personal\/preparate-para-las-fiestas-en-artepil\/","title":{"rendered":"Prep\u00e1rate para las fiestas en Artepil"},"content":{"rendered":"<p>Diciembre ya est\u00e1 aqu\u00ed, y todos sabemos lo qu\u00e9 significa \u00a1Fiestas y m\u00e1s fiestas! Ya sea la posada de tu trabajo, una cena con tus amigos o el amor de tu vida y claro, Navidad y A\u00f1o nuevo acompa\u00f1ado de las personas que m\u00e1s quieres. Si bien es un momento para reflexionar sobre los buenos y malos momentos del a\u00f1o, tambi\u00e9n es tiempo para consentirte y relajarte al m\u00e1ximo.<\/p>\n<p>Artepil se suma a tu esp\u00edritu festivo y se prepara para consentirte con un masaje, facial o manicure<\/p>\n<h2>Tips para consentirte durante las fiestas decembrinas<\/h2>\n<p>Despu\u00e9s de un a\u00f1o lleno de emociones, de mucho trabajo y de no parar por solo un segundo, es hora de darte un respiro, sentarte a disfrutar de una taza de chocolate caliente, leer el libro que ten\u00edas en espera y de consentirte como lo mereces, en Artepil sabemos exactamente lo que necesitas, por eso ponemos para ti diferentes opciones para que te prepares para las fiestas decembrinas y termines el a\u00f1o tan relajada como sea posible.<\/p>\n<h3>MANICURE Y PEDICURE<\/h3>\n<p>Sin importar cu\u00e1l sea tu trabajo las manos y los pies llevan mucha carga y adem\u00e1s son tu carta de presentaci\u00f3n \u00a1Consi\u00e9ntelos! Ya sea que vayas a asistir a una cena con tus amigos, familia o compa\u00f1eros de trabajo lucir tus manos en perfecto estado te dar\u00e1 mucha presencia.<\/p>\n<p>Dales el trato que se merece con nuestros servicios, el <a href=\"https:\/\/artepil.com\/english\/es\/manicure-pedicure\">manicure y pedicure<\/a> Artepil estos servicios se encargar\u00e1n de darte el cuidado que necesitas, combinan la limpieza u\u00f1as, pies y talones, exfoliaci\u00f3n de manos, pies, mascarilla de menta uva, toallas calientes, relajante masaje hidratante y esmaltado. Estos servicios levantar\u00e1n tu estado de \u00e1nimo y adem\u00e1s, lucir\u00e1s incre\u00edble.<\/p>\n<h3><img loading=\"lazy\" decoding=\"async\" class=\"aligncenter wp-image-2749 size-full\" src=\"https:\/\/artepil.com\/english\/wp-content\/uploads\/2023\/03\/6_Artepil_Spa_PuertoVallarta_1.jpg\" alt=\"\" width=\"800\" height=\"940\" srcset=\"https:\/\/artepil.com\/english\/wp-content\/uploads\/2023\/03\/6_Artepil_Spa_PuertoVallarta_1.jpg 800w, https:\/\/artepil.com\/english\/wp-content\/uploads\/2023\/03\/6_Artepil_Spa_PuertoVallarta_1-600x705.jpg 600w, https:\/\/artepil.com\/english\/wp-content\/uploads\/2023\/03\/6_Artepil_Spa_PuertoVallarta_1-255x300.jpg 255w, https:\/\/artepil.com\/english\/wp-content\/uploads\/2023\/03\/6_Artepil_Spa_PuertoVallarta_1-768x902.jpg 768w\" sizes=\"auto, (max-width: 800px) 100vw, 800px\" \/><\/h3>\n<h3>TRATAMIENTOS CORPORALES<\/h3>\n<p>La piel es el \u00f3rgano m\u00e1s grande con el que contamos, adem\u00e1s es la barrera que nos protege de toxinas, y el medio ambiente. Conf\u00edale tu piel a nuestros expertos y conoce el Arte de consentirte.<\/p>\n<p>Comienza a relajarte con nuestro tratamiento envolvente corporal este activar\u00e1 tu circulaci\u00f3n, a\u00f1adir\u00e1 nutrientes y desintoxicar\u00e1 tu piel, adem\u00e1s reducir\u00e1 tu estr\u00e9s y relajar\u00e1 tus m\u00fasculos.<\/p>\n<p>Nuestros <strong><a href=\"https:\/\/artepil.com\/english\/es\/tratamientos-corporales\">tratamientos<\/a> <\/strong>te dar\u00e1n una piel m\u00e1s suave, relajaci\u00f3n, mejorar\u00e1n tu circulaci\u00f3n y destapar\u00e1n tus poros para as\u00ed dejar salir las toxinas. Termina el a\u00f1o renov\u00e1ndote con Artepil<\/p>\n<h3>FACIALES<\/h3>\n<p>Tu rostro es tu carta de presentaci\u00f3n ante el mundo, dale el cuidado que necesitas, si vas a asistir a una reuni\u00f3n importante o solo quieres darte un me time en Artepil tenemos lo que necesitas para hacer de este d\u00eda el m\u00e1s especial.<\/p>\n<p>Si deseas una <strong><a href=\"https:\/\/artepil.com\/english\/es\/facial\">renovaci\u00f3n total<\/a><\/strong>\u00a0 a tu piel puedes realizarte una limpieza profunda, facial que brinda equilibrio a la piel. Se extraen impurezas y c\u00e9lulas muertas para obtener un tono m\u00e1s uniforme y brillo natural, tambi\u00e9n contamos con faciales detox y anti acn\u00e9, o si tienes m\u00e1s planes por la tarde, podr\u00e1s hacerte un facial de hidrataci\u00f3n express \u00a1Solo dura 25 min!<\/p>\n<p>No importa el tratamiento o actividad que elijas para consentirte, en Artepil nos aseguraremos de que lo aproveches al m\u00e1ximo, siempre cuidando de ti, tu piel y bienestar.<\/p>\n<p>Es hora de consentirte y conocer el Arte de hacerte feliz. Cont\u00e1ctanos y agenda tu cita<\/p>\n","protected":false},"excerpt":{"rendered":"<p>Diciembre ya est\u00e1 aqu\u00ed, y todos sabemos lo qu\u00e9 significa \u00a1Fiestas y m\u00e1s fiestas! Ya sea la posada de tu trabajo, una cena con tus amigos o&#8230;<\/p>\n","protected":false},"author":1,"featured_media":2750,"comment_status":"open","ping_status":"open","sticky":false,"template":"","format":"standard","meta":{"footnotes":""},"categories":[46],"tags":[],"class_list":["post-2745","post","type-post","status-publish","format-standard","has-post-thumbnail","hentry","category-cuidado-personal"],"yoast_head":"<!-- This site is optimized with the Yoast SEO Premium plugin v20.10 (Yoast SEO v21.3) - https:\/\/yoast.com\/wordpress\/plugins\/seo\/ -->\n<title>Prep\u00e1rate para las fiestas en Artepil - Artepil<\/title>\n<meta name=\"robots\" content=\"index, follow, max-snippet:-1, max-image-preview:large, max-video-preview:-1\" \/>\n<link rel=\"canonical\" href=\"https:\/\/artepil.com\/english\/cuidado-personal\/preparate-para-las-fiestas-en-artepil\/\" \/>\n<meta property=\"og:locale\" content=\"es_ES\" \/>\n<meta property=\"og:type\" content=\"article\" \/>\n<meta property=\"og:title\" content=\"Prep\u00e1rate para las fiestas en Artepil\" \/>\n<meta property=\"og:description\" content=\"Diciembre ya est\u00e1 aqu\u00ed, y todos sabemos lo qu\u00e9 significa \u00a1Fiestas y m\u00e1s fiestas! Ya sea la posada de tu trabajo, una cena con tus amigos o...\" \/>\n<meta property=\"og:url\" content=\"https:\/\/artepil.com\/english\/cuidado-personal\/preparate-para-las-fiestas-en-artepil\/\" \/>\n<meta property=\"og:site_name\" content=\"Artepil\" \/>\n<meta property=\"article:publisher\" content=\"https:\/\/www.facebook.com\/artepilspavallarta\" \/>\n<meta property=\"article:published_time\" content=\"2021-12-06T22:20:26+00:00\" \/>\n<meta property=\"article:modified_time\" content=\"2023-03-08T22:27:41+00:00\" \/>\n<meta property=\"og:image\" content=\"https:\/\/artepil.com\/english\/wp-content\/uploads\/2023\/03\/preparate-para-las-fiestas-en-artepil.jpg.webp\" \/>\n\t<meta property=\"og:image:width\" content=\"800\" \/>\n\t<meta property=\"og:image:height\" content=\"940\" \/>\n\t<meta property=\"og:image:type\" content=\"image\/webp\" \/>\n<meta name=\"author\" content=\"Artepil\" \/>\n<meta name=\"twitter:card\" content=\"summary_large_image\" \/>\n<meta name=\"twitter:label1\" content=\"Escrito por\" \/>\n\t<meta name=\"twitter:data1\" content=\"Artepil\" \/>\n\t<meta name=\"twitter:label2\" content=\"Tiempo de lectura\" \/>\n\t<meta name=\"twitter:data2\" content=\"3 minutos\" \/>\n<script type=\"application\/ld+json\" class=\"yoast-schema-graph\">{\"@context\":\"https:\/\/schema.org\",\"@graph\":[{\"@type\":\"Article\",\"@id\":\"https:\/\/artepil.com\/english\/cuidado-personal\/preparate-para-las-fiestas-en-artepil\/#article\",\"isPartOf\":{\"@id\":\"https:\/\/artepil.com\/english\/cuidado-personal\/preparate-para-las-fiestas-en-artepil\/\"},\"author\":{\"name\":\"Artepil\",\"@id\":\"https:\/\/artepil.com\/english\/#\/schema\/person\/7c072645abc125087967137bc08faf78\"},\"headline\":\"Prep\u00e1rate para las fiestas en Artepil\",\"datePublished\":\"2021-12-06T22:20:26+00:00\",\"dateModified\":\"2023-03-08T22:27:41+00:00\",\"mainEntityOfPage\":{\"@id\":\"https:\/\/artepil.com\/english\/cuidado-personal\/preparate-para-las-fiestas-en-artepil\/\"},\"wordCount\":582,\"commentCount\":0,\"publisher\":{\"@id\":\"https:\/\/artepil.com\/english\/#organization\"},\"articleSection\":[\"Cuidado Personal\"],\"inLanguage\":\"es\",\"potentialAction\":[{\"@type\":\"CommentAction\",\"name\":\"Comment\",\"target\":[\"https:\/\/artepil.com\/english\/cuidado-personal\/preparate-para-las-fiestas-en-artepil\/#respond\"]}]},{\"@type\":\"WebPage\",\"@id\":\"https:\/\/artepil.com\/english\/cuidado-personal\/preparate-para-las-fiestas-en-artepil\/\",\"url\":\"https:\/\/artepil.com\/english\/cuidado-personal\/preparate-para-las-fiestas-en-artepil\/\",\"name\":\"Prep\u00e1rate para las fiestas en Artepil - Artepil\",\"isPartOf\":{\"@id\":\"https:\/\/artepil.com\/english\/#website\"},\"datePublished\":\"2021-12-06T22:20:26+00:00\",\"dateModified\":\"2023-03-08T22:27:41+00:00\",\"breadcrumb\":{\"@id\":\"https:\/\/artepil.com\/english\/cuidado-personal\/preparate-para-las-fiestas-en-artepil\/#breadcrumb\"},\"inLanguage\":\"es\",\"potentialAction\":[{\"@type\":\"ReadAction\",\"target\":[\"https:\/\/artepil.com\/english\/cuidado-personal\/preparate-para-las-fiestas-en-artepil\/\"]}]},{\"@type\":\"BreadcrumbList\",\"@id\":\"https:\/\/artepil.com\/english\/cuidado-personal\/preparate-para-las-fiestas-en-artepil\/#breadcrumb\",\"itemListElement\":[{\"@type\":\"ListItem\",\"position\":1,\"name\":\"Home\",\"item\":\"https:\/\/artepil.com\/english\/\"},{\"@type\":\"ListItem\",\"position\":2,\"name\":\"Prep\u00e1rate para las fiestas en Artepil\"}]},{\"@type\":\"WebSite\",\"@id\":\"https:\/\/artepil.com\/english\/#website\",\"url\":\"https:\/\/artepil.com\/english\/\",\"name\":\"Artepil\",\"description\":\"El arte de ser yo\",\"publisher\":{\"@id\":\"https:\/\/artepil.com\/english\/#organization\"},\"potentialAction\":[{\"@type\":\"SearchAction\",\"target\":{\"@type\":\"EntryPoint\",\"urlTemplate\":\"https:\/\/artepil.com\/english\/?s={search_term_string}\"},\"query-input\":\"required name=search_term_string\"}],\"inLanguage\":\"es\"},{\"@type\":\"Organization\",\"@id\":\"https:\/\/artepil.com\/english\/#organization\",\"name\":\"Artepil Spa - Depilaci\u00f3n Europea\",\"url\":\"https:\/\/artepil.com\/english\/\",\"logo\":{\"@type\":\"ImageObject\",\"inLanguage\":\"es\",\"@id\":\"https:\/\/artepil.com\/english\/#\/schema\/logo\/image\/\",\"url\":\"https:\/\/artepil.com\/english\/wp-content\/uploads\/2018\/03\/artepil.svg\",\"contentUrl\":\"https:\/\/artepil.com\/english\/wp-content\/uploads\/2018\/03\/artepil.svg\",\"width\":250,\"height\":83,\"caption\":\"Artepil Spa - Depilaci\u00f3n Europea\"},\"image\":{\"@id\":\"https:\/\/artepil.com\/english\/#\/schema\/logo\/image\/\"},\"sameAs\":[\"https:\/\/www.facebook.com\/artepilspavallarta\",\"https:\/\/www.instagram.com\/artepilspa\/\"]},{\"@type\":\"Person\",\"@id\":\"https:\/\/artepil.com\/english\/#\/schema\/person\/7c072645abc125087967137bc08faf78\",\"name\":\"Artepil\",\"image\":{\"@type\":\"ImageObject\",\"inLanguage\":\"es\",\"@id\":\"https:\/\/artepil.com\/english\/#\/schema\/person\/image\/\",\"url\":\"https:\/\/secure.gravatar.com\/avatar\/51cae95391d519c689bafb2d0e1cbeea6cfd6167f2f69acfd98f1e9d04278758?s=96&d=mm&r=g\",\"contentUrl\":\"https:\/\/secure.gravatar.com\/avatar\/51cae95391d519c689bafb2d0e1cbeea6cfd6167f2f69acfd98f1e9d04278758?s=96&d=mm&r=g\",\"caption\":\"Artepil\"},\"sameAs\":[\"https:\/\/artepil.com\/english\"],\"url\":\"https:\/\/artepil.com\/english\/author\/adminartepil\/\"}]}<\/script>\n<!-- \/ Yoast SEO Premium plugin. -->","yoast_head_json":{"title":"Prep\u00e1rate para las fiestas en Artepil - Artepil","robots":{"index":"index","follow":"follow","max-snippet":"max-snippet:-1","max-image-preview":"max-image-preview:large","max-video-preview":"max-video-preview:-1"},"canonical":"https:\/\/artepil.com\/english\/cuidado-personal\/preparate-para-las-fiestas-en-artepil\/","og_locale":"es_ES","og_type":"article","og_title":"Prep\u00e1rate para las fiestas en Artepil","og_description":"Diciembre ya est\u00e1 aqu\u00ed, y todos sabemos lo qu\u00e9 significa \u00a1Fiestas y m\u00e1s fiestas! Ya sea la posada de tu trabajo, una cena con tus amigos o...","og_url":"https:\/\/artepil.com\/english\/cuidado-personal\/preparate-para-las-fiestas-en-artepil\/","og_site_name":"Artepil","article_publisher":"https:\/\/www.facebook.com\/artepilspavallarta","article_published_time":"2021-12-06T22:20:26+00:00","article_modified_time":"2023-03-08T22:27:41+00:00","og_image":[{"width":800,"height":940,"url":"https:\/\/artepil.com\/english\/wp-content\/uploads\/2023\/03\/preparate-para-las-fiestas-en-artepil.jpg.webp","type":"image\/webp"}],"author":"Artepil","twitter_card":"summary_large_image","twitter_misc":{"Escrito por":"Artepil","Tiempo de lectura":"3 minutos"},"schema":{"@context":"https:\/\/schema.org","@graph":[{"@type":"Article","@id":"https:\/\/artepil.com\/english\/cuidado-personal\/preparate-para-las-fiestas-en-artepil\/#article","isPartOf":{"@id":"https:\/\/artepil.com\/english\/cuidado-personal\/preparate-para-las-fiestas-en-artepil\/"},"author":{"name":"Artepil","@id":"https:\/\/artepil.com\/english\/#\/schema\/person\/7c072645abc125087967137bc08faf78"},"headline":"Prep\u00e1rate para las fiestas en Artepil","datePublished":"2021-12-06T22:20:26+00:00","dateModified":"2023-03-08T22:27:41+00:00","mainEntityOfPage":{"@id":"https:\/\/artepil.com\/english\/cuidado-personal\/preparate-para-las-fiestas-en-artepil\/"},"wordCount":582,"commentCount":0,"publisher":{"@id":"https:\/\/artepil.com\/english\/#organization"},"articleSection":["Cuidado Personal"],"inLanguage":"es","potentialAction":[{"@type":"CommentAction","name":"Comment","target":["https:\/\/artepil.com\/english\/cuidado-personal\/preparate-para-las-fiestas-en-artepil\/#respond"]}]},{"@type":"WebPage","@id":"https:\/\/artepil.com\/english\/cuidado-personal\/preparate-para-las-fiestas-en-artepil\/","url":"https:\/\/artepil.com\/english\/cuidado-personal\/preparate-para-las-fiestas-en-artepil\/","name":"Prep\u00e1rate para las fiestas en Artepil - Artepil","isPartOf":{"@id":"https:\/\/artepil.com\/english\/#website"},"datePublished":"2021-12-06T22:20:26+00:00","dateModified":"2023-03-08T22:27:41+00:00","breadcrumb":{"@id":"https:\/\/artepil.com\/english\/cuidado-personal\/preparate-para-las-fiestas-en-artepil\/#breadcrumb"},"inLanguage":"es","potentialAction":[{"@type":"ReadAction","target":["https:\/\/artepil.com\/english\/cuidado-personal\/preparate-para-las-fiestas-en-artepil\/"]}]},{"@type":"BreadcrumbList","@id":"https:\/\/artepil.com\/english\/cuidado-personal\/preparate-para-las-fiestas-en-artepil\/#breadcrumb","itemListElement":[{"@type":"ListItem","position":1,"name":"Home","item":"https:\/\/artepil.com\/english\/"},{"@type":"ListItem","position":2,"name":"Prep\u00e1rate para las fiestas en Artepil"}]},{"@type":"WebSite","@id":"https:\/\/artepil.com\/english\/#website","url":"https:\/\/artepil.com\/english\/","name":"Artepil","description":"El arte de ser yo","publisher":{"@id":"https:\/\/artepil.com\/english\/#organization"},"potentialAction":[{"@type":"SearchAction","target":{"@type":"EntryPoint","urlTemplate":"https:\/\/artepil.com\/english\/?s={search_term_string}"},"query-input":"required name=search_term_string"}],"inLanguage":"es"},{"@type":"Organization","@id":"https:\/\/artepil.com\/english\/#organization","name":"Artepil Spa - Depilaci\u00f3n Europea","url":"https:\/\/artepil.com\/english\/","logo":{"@type":"ImageObject","inLanguage":"es","@id":"https:\/\/artepil.com\/english\/#\/schema\/logo\/image\/","url":"https:\/\/artepil.com\/english\/wp-content\/uploads\/2018\/03\/artepil.svg","contentUrl":"https:\/\/artepil.com\/english\/wp-content\/uploads\/2018\/03\/artepil.svg","width":250,"height":83,"caption":"Artepil Spa - Depilaci\u00f3n Europea"},"image":{"@id":"https:\/\/artepil.com\/english\/#\/schema\/logo\/image\/"},"sameAs":["https:\/\/www.facebook.com\/artepilspavallarta","https:\/\/www.instagram.com\/artepilspa\/"]},{"@type":"Person","@id":"https:\/\/artepil.com\/english\/#\/schema\/person\/7c072645abc125087967137bc08faf78","name":"Artepil","image":{"@type":"ImageObject","inLanguage":"es","@id":"https:\/\/artepil.com\/english\/#\/schema\/person\/image\/","url":"https:\/\/secure.gravatar.com\/avatar\/51cae95391d519c689bafb2d0e1cbeea6cfd6167f2f69acfd98f1e9d04278758?s=96&d=mm&r=g","contentUrl":"https:\/\/secure.gravatar.com\/avatar\/51cae95391d519c689bafb2d0e1cbeea6cfd6167f2f69acfd98f1e9d04278758?s=96&d=mm&r=g","caption":"Artepil"},"sameAs":["https:\/\/artepil.com\/english"],"url":"https:\/\/artepil.com\/english\/author\/adminartepil\/"}]}},"_links":{"self":[{"href":"https:\/\/artepil.com\/english\/wp-json\/wp\/v2\/posts\/2745","targetHints":{"allow":["GET"]}}],"collection":[{"href":"https:\/\/artepil.com\/english\/wp-json\/wp\/v2\/posts"}],"about":[{"href":"https:\/\/artepil.com\/english\/wp-json\/wp\/v2\/types\/post"}],"author":[{"embeddable":true,"href":"https:\/\/artepil.com\/english\/wp-json\/wp\/v2\/users\/1"}],"replies":[{"embeddable":true,"href":"https:\/\/artepil.com\/english\/wp-json\/wp\/v2\/comments?post=2745"}],"version-history":[{"count":7,"href":"https:\/\/artepil.com\/english\/wp-json\/wp\/v2\/posts\/2745\/revisions"}],"predecessor-version":[{"id":2755,"href":"https:\/\/artepil.com\/english\/wp-json\/wp\/v2\/posts\/2745\/revisions\/2755"}],"wp:featuredmedia":[{"embeddable":true,"href":"https:\/\/artepil.com\/english\/wp-json\/wp\/v2\/media\/2750"}],"wp:attachment":[{"href":"https:\/\/artepil.com\/english\/wp-json\/wp\/v2\/media?parent=2745"}],"wp:term":[{"taxonomy":"category","embeddable":true,"href":"https:\/\/artepil.com\/english\/wp-json\/wp\/v2\/categories?post=2745"},{"taxonomy":"post_tag","embeddable":true,"href":"https:\/\/artepil.com\/english\/wp-json\/wp\/v2\/tags?post=2745"}],"curies":[{"name":"wp","href":"https:\/\/api.w.org\/{rel}","templated":true}]}}