{"id":2770,"date":"2021-10-25T23:01:50","date_gmt":"2021-10-25T23:01:50","guid":{"rendered":"https:\/\/artepil.com\/english\/?p=2770"},"modified":"2023-03-10T17:36:56","modified_gmt":"2023-03-10T17:36:56","slug":"que-es-el-autocuidado-self-care","status":"publish","type":"post","link":"https:\/\/artepil.com\/english\/cuidado-personal\/que-es-el-autocuidado-self-care\/","title":{"rendered":"Qu\u00e9 es el autocuidado (self-care)"},"content":{"rendered":"<h1>Qu\u00e9 es el autocuidado (self-care)<\/h1>\n<p>D\u00eda con d\u00eda lidiamos con el estr\u00e9s del trabajo, el tr\u00e1fico, la escuela o el quehacer dom\u00e9stico. Todos necesitamos de un espacio para poder consentirnos, relajarnos y estar en paz con nosotros mismos; en fin, darnos un break y trabajar en nuestra paz mental. El tener un hobby, realizar deporte, cuidar de tus plantitas o simplemente sentarte a leer un libro son un must para poder llevar una vida armoniosa y saludable. Podemos hacer infinidad de actividades que, aunque no lo parezcan, nos ayudar\u00e1n a trabajar en el autocuidado o self-care.<br \/>\nEn <strong><a href=\"https:\/\/artepil.com\/english\/es\">Artepil<\/a><\/strong> te contamos qu\u00e9 es el self-care y c\u00f3mo podr\u00e1s aplicarlo en tu vida diaria y claro, te damos tips para que puedas tener tu propia rutina de autocuidado.<\/p>\n<h2>\u00bfQu\u00e9 es el autocuidado y cu\u00e1l es su importancia?<\/h2>\n<p>El self-care es en realidad un t\u00e9rmino muy b\u00e1sico y simple que induce a cuidar de uno mismo.<br \/>\nSe trata de una serie de acciones que se llevan a cabo para proteger y restablecer la salud f\u00edsica, mental y espiritual. Un ejemplo sencillo podr\u00eda ser cuando tienes un d\u00eda de spa, te hacen <strong><a href=\"https:\/\/artepil.com\/english\/es\/manicure-pedicure\">manicure, pedicure<\/a><\/strong>, <strong><a href=\"https:\/\/artepil.com\/english\/es\/facial\">exfoliaci\u00f3n<\/a><\/strong>, te realizas una <strong><a href=\"https:\/\/artepil.com\/english\/es\/depilacion-europea\">depilaci\u00f3n<\/a><\/strong> y adem\u00e1s, una limpieza profunda de cutis. \u00bfSuena delicioso, no? El relajarte y dejar que te consientan, son una de las tantas actividades que te ayudar\u00e1n a mantener tu salud mental on top.<br \/>\nSe trata de enfocarte en ti y tus necesidades. Y aunque puede parecer algo muy sencillo, a veces nos olvidamos de hacerlo. Recuerda: hay que mantenerte bien, para poder funcionar de manera correcta en tus actividades diarias.<\/p>\n<h3>Importancia del autocuidado o self-care<\/h3>\n<p><img loading=\"lazy\" decoding=\"async\" class=\"aligncenter wp-image-2773 size-full\" src=\"https:\/\/artepil.com\/english\/wp-content\/uploads\/2023\/03\/Artepil_blog2.1.png\" alt=\"\" width=\"800\" height=\"940\" srcset=\"https:\/\/artepil.com\/english\/wp-content\/uploads\/2023\/03\/Artepil_blog2.1.png 800w, https:\/\/artepil.com\/english\/wp-content\/uploads\/2023\/03\/Artepil_blog2.1-600x705.png 600w, https:\/\/artepil.com\/english\/wp-content\/uploads\/2023\/03\/Artepil_blog2.1-255x300.png 255w, https:\/\/artepil.com\/english\/wp-content\/uploads\/2023\/03\/Artepil_blog2.1-768x902.png 768w\" sizes=\"auto, (max-width: 800px) 100vw, 800px\" \/><\/p>\n<p>Al cuidarnos, cada uno de nosotros puede tomar conciencia de su cuerpo y de sus necesidades, esto favorece el bienestar f\u00edsico y mental, aumenta la autoestima y tiene beneficios a medio y largo plazo para el mantenimiento de la salud y la prevenci\u00f3n de enfermedades. Adem\u00e1s, el autocuidado es una actitud de respeto y amor por uno mismo.<\/p>\n<h3>\u00bfCu\u00e1les son los beneficios del autocuidado?<\/h3>\n<p>Uno de los beneficios del self-care es la salud mental y f\u00edsica, que tiene que ver con la alegr\u00eda y vitalidad, conectando el interior con todo el entorno exterior. Adem\u00e1s:<br \/>\nIncrementa la concentraci\u00f3n y la memoria a corto plazo.<br \/>\nMejora las relaciones interpersonales y el sentido de la gratitud.<br \/>\nTe ayuda a sentirte m\u00e1s joven.<br \/>\nTe hace m\u00e1s generoso.<br \/>\nTe disminuye el estr\u00e9s.<br \/>\nCuando est\u00e1s en armon\u00eda contigo mismo, puedes aportar armon\u00eda a los dem\u00e1s; si tu mente se encuentra despejada, podr\u00e1s afrontar cualquier situaci\u00f3n o eventualidad con claridad. Y sin lugar a dudas, cuando est\u00e1s en paz con tu interior, lo reflejar\u00e1s en tu exterior.<\/p>\n<h3>\u00bfC\u00f3mo se reserva tiempo para el autocuidado?<\/h3>\n<p>En nuestra acelerada vida, muchos de nosotros pensamos que reservar entre 15 y 60 minutos al d\u00eda para cuidarnos o darnos un tiempo para nosotros mismos es casi una utop\u00eda y se ha tachado de nuestra lista de cosas importantes que hacer.<\/p>\n<p>Esto es una completa contradicci\u00f3n, y es en tiempos de estr\u00e9s cuando el autocuidado se vuelve a\u00fan m\u00e1s importante.<\/p>\n<p>Es dif\u00edcil decir cu\u00e1ndo es el mejor momento para practicar el self-care, ya que el mejor momento es&#8230; \u00a1Todos los d\u00edas a toda hora! Cada uno tiene su propio ritmo y gustos, es decir: para ti, self-care puede significar tomar una taza de caf\u00e9 o leer otro cap\u00edtulo de tu libro favorito. Sin importar cu\u00e1l sea el significado de autocuidado, es necesario que lo practiques para llevar una vida sana.<\/p>\n<p>\u00bfEst\u00e1s en busca de un tiempo para el autocuidado? <strong><a href=\"https:\/\/artepil.com\/english\/es\">Artepil<\/a><\/strong> es un espacio donde podemos mimarte y consentirte con nuestros servicios. Nuestro entorno te permite experimentar la paz, la belleza y el bienestar. Reconocidos por nuestra dedicaci\u00f3n a Puerto Vallarta y Tepic, puedes confiar en nuestra experiencia. Solo debes <strong><a href=\"https:\/\/artepil.com\/english\/es\/booking\">agendar cita<\/a><\/strong> y listo.<br \/>\nAqu\u00ed cuentas con muchos beneficios, desde festejar tu cumplea\u00f1os con tratamientos corporales, hasta un d\u00eda completo de spa.<\/p>\n","protected":false},"excerpt":{"rendered":"<p>Qu\u00e9 es el autocuidado (self-care) D\u00eda con d\u00eda lidiamos con el estr\u00e9s del trabajo, el tr\u00e1fico, la escuela o el quehacer dom\u00e9stico. Todos necesitamos de un espacio&#8230;<\/p>\n","protected":false},"author":1,"featured_media":2774,"comment_status":"open","ping_status":"open","sticky":false,"template":"","format":"standard","meta":{"footnotes":""},"categories":[46],"tags":[],"class_list":["post-2770","post","type-post","status-publish","format-standard","has-post-thumbnail","hentry","category-cuidado-personal"],"yoast_head":"<!-- This site is optimized with the Yoast SEO Premium plugin v20.10 (Yoast SEO v21.3) - https:\/\/yoast.com\/wordpress\/plugins\/seo\/ -->\n<title>Qu\u00e9 es el autocuidado (self-care) - Artepil<\/title>\n<meta name=\"robots\" content=\"index, follow, max-snippet:-1, max-image-preview:large, max-video-preview:-1\" \/>\n<link rel=\"canonical\" href=\"https:\/\/artepil.com\/english\/cuidado-personal\/que-es-el-autocuidado-self-care\/\" \/>\n<meta property=\"og:locale\" content=\"es_ES\" \/>\n<meta property=\"og:type\" content=\"article\" \/>\n<meta property=\"og:title\" content=\"Qu\u00e9 es el autocuidado (self-care)\" \/>\n<meta property=\"og:description\" content=\"Qu\u00e9 es el autocuidado (self-care) D\u00eda con d\u00eda lidiamos con el estr\u00e9s del trabajo, el tr\u00e1fico, la escuela o el quehacer dom\u00e9stico. Todos necesitamos de un espacio...\" \/>\n<meta property=\"og:url\" content=\"https:\/\/artepil.com\/english\/cuidado-personal\/que-es-el-autocuidado-self-care\/\" \/>\n<meta property=\"og:site_name\" content=\"Artepil\" \/>\n<meta property=\"article:publisher\" content=\"https:\/\/www.facebook.com\/artepilspavallarta\" \/>\n<meta property=\"article:published_time\" content=\"2021-10-25T23:01:50+00:00\" \/>\n<meta property=\"article:modified_time\" content=\"2023-03-10T17:36:56+00:00\" \/>\n<meta property=\"og:image\" content=\"https:\/\/artepil.com\/english\/wp-content\/uploads\/2023\/03\/que-es-el-autocuidado-self-care.jpg.webp\" \/>\n\t<meta property=\"og:image:width\" content=\"800\" \/>\n\t<meta property=\"og:image:height\" content=\"940\" \/>\n\t<meta property=\"og:image:type\" content=\"image\/webp\" \/>\n<meta name=\"author\" content=\"Artepil\" \/>\n<meta name=\"twitter:card\" content=\"summary_large_image\" \/>\n<meta name=\"twitter:label1\" content=\"Escrito por\" \/>\n\t<meta name=\"twitter:data1\" content=\"Artepil\" \/>\n\t<meta name=\"twitter:label2\" content=\"Tiempo de lectura\" \/>\n\t<meta name=\"twitter:data2\" content=\"4 minutos\" \/>\n<script type=\"application\/ld+json\" class=\"yoast-schema-graph\">{\"@context\":\"https:\/\/schema.org\",\"@graph\":[{\"@type\":\"Article\",\"@id\":\"https:\/\/artepil.com\/english\/cuidado-personal\/que-es-el-autocuidado-self-care\/#article\",\"isPartOf\":{\"@id\":\"https:\/\/artepil.com\/english\/cuidado-personal\/que-es-el-autocuidado-self-care\/\"},\"author\":{\"name\":\"Artepil\",\"@id\":\"https:\/\/artepil.com\/english\/#\/schema\/person\/7c072645abc125087967137bc08faf78\"},\"headline\":\"Qu\u00e9 es el autocuidado (self-care)\",\"datePublished\":\"2021-10-25T23:01:50+00:00\",\"dateModified\":\"2023-03-10T17:36:56+00:00\",\"mainEntityOfPage\":{\"@id\":\"https:\/\/artepil.com\/english\/cuidado-personal\/que-es-el-autocuidado-self-care\/\"},\"wordCount\":705,\"commentCount\":0,\"publisher\":{\"@id\":\"https:\/\/artepil.com\/english\/#organization\"},\"articleSection\":[\"Cuidado Personal\"],\"inLanguage\":\"es\",\"potentialAction\":[{\"@type\":\"CommentAction\",\"name\":\"Comment\",\"target\":[\"https:\/\/artepil.com\/english\/cuidado-personal\/que-es-el-autocuidado-self-care\/#respond\"]}]},{\"@type\":\"WebPage\",\"@id\":\"https:\/\/artepil.com\/english\/cuidado-personal\/que-es-el-autocuidado-self-care\/\",\"url\":\"https:\/\/artepil.com\/english\/cuidado-personal\/que-es-el-autocuidado-self-care\/\",\"name\":\"Qu\u00e9 es el autocuidado (self-care) - Artepil\",\"isPartOf\":{\"@id\":\"https:\/\/artepil.com\/english\/#website\"},\"datePublished\":\"2021-10-25T23:01:50+00:00\",\"dateModified\":\"2023-03-10T17:36:56+00:00\",\"breadcrumb\":{\"@id\":\"https:\/\/artepil.com\/english\/cuidado-personal\/que-es-el-autocuidado-self-care\/#breadcrumb\"},\"inLanguage\":\"es\",\"potentialAction\":[{\"@type\":\"ReadAction\",\"target\":[\"https:\/\/artepil.com\/english\/cuidado-personal\/que-es-el-autocuidado-self-care\/\"]}]},{\"@type\":\"BreadcrumbList\",\"@id\":\"https:\/\/artepil.com\/english\/cuidado-personal\/que-es-el-autocuidado-self-care\/#breadcrumb\",\"itemListElement\":[{\"@type\":\"ListItem\",\"position\":1,\"name\":\"Home\",\"item\":\"https:\/\/artepil.com\/english\/\"},{\"@type\":\"ListItem\",\"position\":2,\"name\":\"Qu\u00e9 es el autocuidado (self-care)\"}]},{\"@type\":\"WebSite\",\"@id\":\"https:\/\/artepil.com\/english\/#website\",\"url\":\"https:\/\/artepil.com\/english\/\",\"name\":\"Artepil\",\"description\":\"El arte de ser yo\",\"publisher\":{\"@id\":\"https:\/\/artepil.com\/english\/#organization\"},\"potentialAction\":[{\"@type\":\"SearchAction\",\"target\":{\"@type\":\"EntryPoint\",\"urlTemplate\":\"https:\/\/artepil.com\/english\/?s={search_term_string}\"},\"query-input\":\"required name=search_term_string\"}],\"inLanguage\":\"es\"},{\"@type\":\"Organization\",\"@id\":\"https:\/\/artepil.com\/english\/#organization\",\"name\":\"Artepil Spa - Depilaci\u00f3n Europea\",\"url\":\"https:\/\/artepil.com\/english\/\",\"logo\":{\"@type\":\"ImageObject\",\"inLanguage\":\"es\",\"@id\":\"https:\/\/artepil.com\/english\/#\/schema\/logo\/image\/\",\"url\":\"https:\/\/artepil.com\/english\/wp-content\/uploads\/2018\/03\/artepil.svg\",\"contentUrl\":\"https:\/\/artepil.com\/english\/wp-content\/uploads\/2018\/03\/artepil.svg\",\"width\":250,\"height\":83,\"caption\":\"Artepil Spa - Depilaci\u00f3n Europea\"},\"image\":{\"@id\":\"https:\/\/artepil.com\/english\/#\/schema\/logo\/image\/\"},\"sameAs\":[\"https:\/\/www.facebook.com\/artepilspavallarta\",\"https:\/\/www.instagram.com\/artepilspa\/\"]},{\"@type\":\"Person\",\"@id\":\"https:\/\/artepil.com\/english\/#\/schema\/person\/7c072645abc125087967137bc08faf78\",\"name\":\"Artepil\",\"image\":{\"@type\":\"ImageObject\",\"inLanguage\":\"es\",\"@id\":\"https:\/\/artepil.com\/english\/#\/schema\/person\/image\/\",\"url\":\"https:\/\/secure.gravatar.com\/avatar\/51cae95391d519c689bafb2d0e1cbeea6cfd6167f2f69acfd98f1e9d04278758?s=96&d=mm&r=g\",\"contentUrl\":\"https:\/\/secure.gravatar.com\/avatar\/51cae95391d519c689bafb2d0e1cbeea6cfd6167f2f69acfd98f1e9d04278758?s=96&d=mm&r=g\",\"caption\":\"Artepil\"},\"sameAs\":[\"https:\/\/artepil.com\/english\"],\"url\":\"https:\/\/artepil.com\/english\/author\/adminartepil\/\"}]}<\/script>\n<!-- \/ Yoast SEO Premium plugin. -->","yoast_head_json":{"title":"Qu\u00e9 es el autocuidado (self-care) - Artepil","robots":{"index":"index","follow":"follow","max-snippet":"max-snippet:-1","max-image-preview":"max-image-preview:large","max-video-preview":"max-video-preview:-1"},"canonical":"https:\/\/artepil.com\/english\/cuidado-personal\/que-es-el-autocuidado-self-care\/","og_locale":"es_ES","og_type":"article","og_title":"Qu\u00e9 es el autocuidado (self-care)","og_description":"Qu\u00e9 es el autocuidado (self-care) D\u00eda con d\u00eda lidiamos con el estr\u00e9s del trabajo, el tr\u00e1fico, la escuela o el quehacer dom\u00e9stico. Todos necesitamos de un espacio...","og_url":"https:\/\/artepil.com\/english\/cuidado-personal\/que-es-el-autocuidado-self-care\/","og_site_name":"Artepil","article_publisher":"https:\/\/www.facebook.com\/artepilspavallarta","article_published_time":"2021-10-25T23:01:50+00:00","article_modified_time":"2023-03-10T17:36:56+00:00","og_image":[{"width":800,"height":940,"url":"https:\/\/artepil.com\/english\/wp-content\/uploads\/2023\/03\/que-es-el-autocuidado-self-care.jpg.webp","type":"image\/webp"}],"author":"Artepil","twitter_card":"summary_large_image","twitter_misc":{"Escrito por":"Artepil","Tiempo de lectura":"4 minutos"},"schema":{"@context":"https:\/\/schema.org","@graph":[{"@type":"Article","@id":"https:\/\/artepil.com\/english\/cuidado-personal\/que-es-el-autocuidado-self-care\/#article","isPartOf":{"@id":"https:\/\/artepil.com\/english\/cuidado-personal\/que-es-el-autocuidado-self-care\/"},"author":{"name":"Artepil","@id":"https:\/\/artepil.com\/english\/#\/schema\/person\/7c072645abc125087967137bc08faf78"},"headline":"Qu\u00e9 es el autocuidado (self-care)","datePublished":"2021-10-25T23:01:50+00:00","dateModified":"2023-03-10T17:36:56+00:00","mainEntityOfPage":{"@id":"https:\/\/artepil.com\/english\/cuidado-personal\/que-es-el-autocuidado-self-care\/"},"wordCount":705,"commentCount":0,"publisher":{"@id":"https:\/\/artepil.com\/english\/#organization"},"articleSection":["Cuidado Personal"],"inLanguage":"es","potentialAction":[{"@type":"CommentAction","name":"Comment","target":["https:\/\/artepil.com\/english\/cuidado-personal\/que-es-el-autocuidado-self-care\/#respond"]}]},{"@type":"WebPage","@id":"https:\/\/artepil.com\/english\/cuidado-personal\/que-es-el-autocuidado-self-care\/","url":"https:\/\/artepil.com\/english\/cuidado-personal\/que-es-el-autocuidado-self-care\/","name":"Qu\u00e9 es el autocuidado (self-care) - Artepil","isPartOf":{"@id":"https:\/\/artepil.com\/english\/#website"},"datePublished":"2021-10-25T23:01:50+00:00","dateModified":"2023-03-10T17:36:56+00:00","breadcrumb":{"@id":"https:\/\/artepil.com\/english\/cuidado-personal\/que-es-el-autocuidado-self-care\/#breadcrumb"},"inLanguage":"es","potentialAction":[{"@type":"ReadAction","target":["https:\/\/artepil.com\/english\/cuidado-personal\/que-es-el-autocuidado-self-care\/"]}]},{"@type":"BreadcrumbList","@id":"https:\/\/artepil.com\/english\/cuidado-personal\/que-es-el-autocuidado-self-care\/#breadcrumb","itemListElement":[{"@type":"ListItem","position":1,"name":"Home","item":"https:\/\/artepil.com\/english\/"},{"@type":"ListItem","position":2,"name":"Qu\u00e9 es el autocuidado (self-care)"}]},{"@type":"WebSite","@id":"https:\/\/artepil.com\/english\/#website","url":"https:\/\/artepil.com\/english\/","name":"Artepil","description":"El arte de ser yo","publisher":{"@id":"https:\/\/artepil.com\/english\/#organization"},"potentialAction":[{"@type":"SearchAction","target":{"@type":"EntryPoint","urlTemplate":"https:\/\/artepil.com\/english\/?s={search_term_string}"},"query-input":"required name=search_term_string"}],"inLanguage":"es"},{"@type":"Organization","@id":"https:\/\/artepil.com\/english\/#organization","name":"Artepil Spa - Depilaci\u00f3n Europea","url":"https:\/\/artepil.com\/english\/","logo":{"@type":"ImageObject","inLanguage":"es","@id":"https:\/\/artepil.com\/english\/#\/schema\/logo\/image\/","url":"https:\/\/artepil.com\/english\/wp-content\/uploads\/2018\/03\/artepil.svg","contentUrl":"https:\/\/artepil.com\/english\/wp-content\/uploads\/2018\/03\/artepil.svg","width":250,"height":83,"caption":"Artepil Spa - Depilaci\u00f3n Europea"},"image":{"@id":"https:\/\/artepil.com\/english\/#\/schema\/logo\/image\/"},"sameAs":["https:\/\/www.facebook.com\/artepilspavallarta","https:\/\/www.instagram.com\/artepilspa\/"]},{"@type":"Person","@id":"https:\/\/artepil.com\/english\/#\/schema\/person\/7c072645abc125087967137bc08faf78","name":"Artepil","image":{"@type":"ImageObject","inLanguage":"es","@id":"https:\/\/artepil.com\/english\/#\/schema\/person\/image\/","url":"https:\/\/secure.gravatar.com\/avatar\/51cae95391d519c689bafb2d0e1cbeea6cfd6167f2f69acfd98f1e9d04278758?s=96&d=mm&r=g","contentUrl":"https:\/\/secure.gravatar.com\/avatar\/51cae95391d519c689bafb2d0e1cbeea6cfd6167f2f69acfd98f1e9d04278758?s=96&d=mm&r=g","caption":"Artepil"},"sameAs":["https:\/\/artepil.com\/english"],"url":"https:\/\/artepil.com\/english\/author\/adminartepil\/"}]}},"_links":{"self":[{"href":"https:\/\/artepil.com\/english\/wp-json\/wp\/v2\/posts\/2770","targetHints":{"allow":["GET"]}}],"collection":[{"href":"https:\/\/artepil.com\/english\/wp-json\/wp\/v2\/posts"}],"about":[{"href":"https:\/\/artepil.com\/english\/wp-json\/wp\/v2\/types\/post"}],"author":[{"embeddable":true,"href":"https:\/\/artepil.com\/english\/wp-json\/wp\/v2\/users\/1"}],"replies":[{"embeddable":true,"href":"https:\/\/artepil.com\/english\/wp-json\/wp\/v2\/comments?post=2770"}],"version-history":[{"count":3,"href":"https:\/\/artepil.com\/english\/wp-json\/wp\/v2\/posts\/2770\/revisions"}],"predecessor-version":[{"id":2776,"href":"https:\/\/artepil.com\/english\/wp-json\/wp\/v2\/posts\/2770\/revisions\/2776"}],"wp:featuredmedia":[{"embeddable":true,"href":"https:\/\/artepil.com\/english\/wp-json\/wp\/v2\/media\/2774"}],"wp:attachment":[{"href":"https:\/\/artepil.com\/english\/wp-json\/wp\/v2\/media?parent=2770"}],"wp:term":[{"taxonomy":"category","embeddable":true,"href":"https:\/\/artepil.com\/english\/wp-json\/wp\/v2\/categories?post=2770"},{"taxonomy":"post_tag","embeddable":true,"href":"https:\/\/artepil.com\/english\/wp-json\/wp\/v2\/tags?post=2770"}],"curies":[{"name":"wp","href":"https:\/\/api.w.org\/{rel}","templated":true}]}}