{"id":2798,"date":"2021-07-24T23:54:10","date_gmt":"2021-07-24T23:54:10","guid":{"rendered":"https:\/\/artepil.com\/english\/?p=2798"},"modified":"2023-03-08T23:59:16","modified_gmt":"2023-03-08T23:59:16","slug":"tratamiento-facial-anti-acne-en-artepil","status":"publish","type":"post","link":"https:\/\/artepil.com\/english\/artepil\/tratamiento-facial-anti-acne-en-artepil\/","title":{"rendered":"Tratamiento facial anti acn\u00e9 en Artepil"},"content":{"rendered":"<p>La aparici\u00f3n de acn\u00e9 en el rostro puede ser uno de los momentos m\u00e1s dif\u00edciles en la vida de una persona. Las espinillas, puntos negros y otras marcas de la aparici\u00f3n de acn\u00e9 en la cara afecta a muchas personas alrededor del mundo, normalmente entre los 12 y los 24 a\u00f1os de edad.<\/p>\n<p>Por fortuna, con el paso de los a\u00f1os se han desarrollado m\u00faltiples alternativas para atender este problema de la piel. Con el paso del tiempo, estudios m\u00e9dicos han revelado las causas de la aparici\u00f3n del acn\u00e9 y cuales pueden ser las mejores alternativas para remediarlo o al menos atenuarlo.<\/p>\n<p>Todo este conocimiento ha llegado hasta nosotros en <strong><a href=\"https:\/\/artepil.com\/english\/es\">Artepil<\/a><\/strong> y nos ha permitido desarrollar nuestro tratamiento facial anti acn\u00e9. Ent\u00e9rate en qu\u00e9 consiste y prep\u00e1rate para tener una piel m\u00e1s lisa y suave.<\/p>\n<h2>\u00bfQu\u00e9 es y por qu\u00e9 aparece el acn\u00e9?<\/h2>\n<p>El acn\u00e9 es una condici\u00f3n que deriva en la inflamaci\u00f3n de las c\u00e9lulas grasas y los fol\u00edculos piloseb\u00e1ceos, una producci\u00f3n excesiva de grasa y el bloqueo de los poros de la piel. Se presenta por una combinaci\u00f3n de elementos c\u00f3mo el exceso de queratina y el crecimiento de una bacteria que aumenta la inflamaci\u00f3n de los poros.<\/p>\n<p>Cuando los poros se obstruyen por la combinaci\u00f3n de elementos que te describimos, entonces empiezan a formarse granitos, espinillas, puntos negros e incluso lesiones m\u00e1s graves y profundas. El acn\u00e9 suele hacer presencia en el rostro, la espalda, el cuello y la parte superior del pecho.<\/p>\n<p>Hay diferentes tipos de acn\u00e9 que se pueden clasificar por su gravedad: Leve, moderado y grave. El leve y el moderado son los m\u00e1s comunes en las personas y pueden ser tratados con el tratamiento anti acn\u00e9 de Artepil. En el caso del acn\u00e9 grave, es necesario un tratamiento m\u00e9dico para poder tratarlo.<\/p>\n<h2>Ven a a Artepil para cuidar de tu piel<\/h2>\n<p>C\u00f3mo mencionamos, el acn\u00e9 leve y moderado pueden ser tratados con los productos que utilizamos para realizar nuestros tratamientos faciales. Queremos que te sientas tranquila y sepas que sabemos que cada piel es diferente y antes de aplicarte un producto, nuestra terapeuta va a evaluar tu tipo de piel. De acuerdo a su evaluaci\u00f3n proceder\u00e1 a explicarte los productos que mejor te convienen para tratar el acn\u00e9.<\/p>\n<p>Nuestro tratamiento facial anti acn\u00e9 debe iniciar con una <strong><a href=\"https:\/\/artepil.com\/english\/es\/blog\/ver\/renueva-tu-piel-con-un-facial-de-limpieza-profunda\">limpieza facial profunda<\/a><\/strong>: Se limpia la cara, aplicaci\u00f3n de vapor en la cara para abrir los poros y realizar una exfoliaci\u00f3n. Una vez que se realiza la exfoliaci\u00f3n, se pasa la extracci\u00f3n de puntos negros en la nariz, frente, ment\u00f3n y mejilas.<\/p>\n<p>Cuando se ha terminado el tratamiento de limpieza profunda, la terapeuta te va aplicar un tratamiento especial para tratar el acn\u00e9. Este tratamiento depender\u00e1 de tu tipo de piel, presta mucha atenci\u00f3n a las recomendaciones de tu terapeuta para dar seguimiento a tu facial anti acn\u00e9 y obtengas los mejores resultados.<\/p>\n<p>Si quieres tener una piel m\u00e1s suave y libre de imperfecciones, <strong><a href=\"https:\/\/artepil.com\/english\/es\/booking\">agenda tu cita<\/a><\/strong> en cualquiera de nuestras sucursales en Artepil Puerto Vallarta y Nuevo Vallarta. Te esperamos para consentirte.<\/p>\n","protected":false},"excerpt":{"rendered":"<p>La aparici\u00f3n de acn\u00e9 en el rostro puede ser uno de los momentos m\u00e1s dif\u00edciles en la vida de una persona. Las espinillas, puntos negros y otras&#8230;<\/p>\n","protected":false},"author":1,"featured_media":2800,"comment_status":"open","ping_status":"open","sticky":false,"template":"","format":"standard","meta":{"footnotes":""},"categories":[54],"tags":[],"class_list":["post-2798","post","type-post","status-publish","format-standard","has-post-thumbnail","hentry","category-artepil"],"yoast_head":"<!-- This site is optimized with the Yoast SEO Premium plugin v20.10 (Yoast SEO v21.3) - https:\/\/yoast.com\/wordpress\/plugins\/seo\/ -->\n<title>Tratamiento facial anti acn\u00e9 en Artepil - Artepil<\/title>\n<meta name=\"robots\" content=\"index, follow, max-snippet:-1, max-image-preview:large, max-video-preview:-1\" \/>\n<link rel=\"canonical\" href=\"https:\/\/artepil.com\/english\/artepil\/tratamiento-facial-anti-acne-en-artepil\/\" \/>\n<meta property=\"og:locale\" content=\"es_ES\" \/>\n<meta property=\"og:type\" content=\"article\" \/>\n<meta property=\"og:title\" content=\"Tratamiento facial anti acn\u00e9 en Artepil\" \/>\n<meta property=\"og:description\" content=\"La aparici\u00f3n de acn\u00e9 en el rostro puede ser uno de los momentos m\u00e1s dif\u00edciles en la vida de una persona. Las espinillas, puntos negros y otras...\" \/>\n<meta property=\"og:url\" content=\"https:\/\/artepil.com\/english\/artepil\/tratamiento-facial-anti-acne-en-artepil\/\" \/>\n<meta property=\"og:site_name\" content=\"Artepil\" \/>\n<meta property=\"article:publisher\" content=\"https:\/\/www.facebook.com\/artepilspavallarta\" \/>\n<meta property=\"article:published_time\" content=\"2021-07-24T23:54:10+00:00\" \/>\n<meta property=\"article:modified_time\" content=\"2023-03-08T23:59:16+00:00\" \/>\n<meta property=\"og:image\" content=\"https:\/\/artepil.com\/english\/wp-content\/uploads\/2023\/03\/tratamiento-facial-anti-acne-en-artepil.jpg.webp\" \/>\n\t<meta property=\"og:image:width\" content=\"800\" \/>\n\t<meta property=\"og:image:height\" content=\"940\" \/>\n\t<meta property=\"og:image:type\" content=\"image\/webp\" \/>\n<meta name=\"author\" content=\"Artepil\" \/>\n<meta name=\"twitter:card\" content=\"summary_large_image\" \/>\n<meta name=\"twitter:label1\" content=\"Escrito por\" \/>\n\t<meta name=\"twitter:data1\" content=\"Artepil\" \/>\n\t<meta name=\"twitter:label2\" content=\"Tiempo de lectura\" \/>\n\t<meta name=\"twitter:data2\" content=\"3 minutos\" \/>\n<script type=\"application\/ld+json\" class=\"yoast-schema-graph\">{\"@context\":\"https:\/\/schema.org\",\"@graph\":[{\"@type\":\"Article\",\"@id\":\"https:\/\/artepil.com\/english\/artepil\/tratamiento-facial-anti-acne-en-artepil\/#article\",\"isPartOf\":{\"@id\":\"https:\/\/artepil.com\/english\/artepil\/tratamiento-facial-anti-acne-en-artepil\/\"},\"author\":{\"name\":\"Artepil\",\"@id\":\"https:\/\/artepil.com\/english\/#\/schema\/person\/7c072645abc125087967137bc08faf78\"},\"headline\":\"Tratamiento facial anti acn\u00e9 en Artepil\",\"datePublished\":\"2021-07-24T23:54:10+00:00\",\"dateModified\":\"2023-03-08T23:59:16+00:00\",\"mainEntityOfPage\":{\"@id\":\"https:\/\/artepil.com\/english\/artepil\/tratamiento-facial-anti-acne-en-artepil\/\"},\"wordCount\":545,\"commentCount\":0,\"publisher\":{\"@id\":\"https:\/\/artepil.com\/english\/#organization\"},\"articleSection\":[\"Artepil\"],\"inLanguage\":\"es\",\"potentialAction\":[{\"@type\":\"CommentAction\",\"name\":\"Comment\",\"target\":[\"https:\/\/artepil.com\/english\/artepil\/tratamiento-facial-anti-acne-en-artepil\/#respond\"]}]},{\"@type\":\"WebPage\",\"@id\":\"https:\/\/artepil.com\/english\/artepil\/tratamiento-facial-anti-acne-en-artepil\/\",\"url\":\"https:\/\/artepil.com\/english\/artepil\/tratamiento-facial-anti-acne-en-artepil\/\",\"name\":\"Tratamiento facial anti acn\u00e9 en Artepil - Artepil\",\"isPartOf\":{\"@id\":\"https:\/\/artepil.com\/english\/#website\"},\"datePublished\":\"2021-07-24T23:54:10+00:00\",\"dateModified\":\"2023-03-08T23:59:16+00:00\",\"breadcrumb\":{\"@id\":\"https:\/\/artepil.com\/english\/artepil\/tratamiento-facial-anti-acne-en-artepil\/#breadcrumb\"},\"inLanguage\":\"es\",\"potentialAction\":[{\"@type\":\"ReadAction\",\"target\":[\"https:\/\/artepil.com\/english\/artepil\/tratamiento-facial-anti-acne-en-artepil\/\"]}]},{\"@type\":\"BreadcrumbList\",\"@id\":\"https:\/\/artepil.com\/english\/artepil\/tratamiento-facial-anti-acne-en-artepil\/#breadcrumb\",\"itemListElement\":[{\"@type\":\"ListItem\",\"position\":1,\"name\":\"Home\",\"item\":\"https:\/\/artepil.com\/english\/\"},{\"@type\":\"ListItem\",\"position\":2,\"name\":\"Tratamiento facial anti acn\u00e9 en Artepil\"}]},{\"@type\":\"WebSite\",\"@id\":\"https:\/\/artepil.com\/english\/#website\",\"url\":\"https:\/\/artepil.com\/english\/\",\"name\":\"Artepil\",\"description\":\"El arte de ser yo\",\"publisher\":{\"@id\":\"https:\/\/artepil.com\/english\/#organization\"},\"potentialAction\":[{\"@type\":\"SearchAction\",\"target\":{\"@type\":\"EntryPoint\",\"urlTemplate\":\"https:\/\/artepil.com\/english\/?s={search_term_string}\"},\"query-input\":\"required name=search_term_string\"}],\"inLanguage\":\"es\"},{\"@type\":\"Organization\",\"@id\":\"https:\/\/artepil.com\/english\/#organization\",\"name\":\"Artepil Spa - Depilaci\u00f3n Europea\",\"url\":\"https:\/\/artepil.com\/english\/\",\"logo\":{\"@type\":\"ImageObject\",\"inLanguage\":\"es\",\"@id\":\"https:\/\/artepil.com\/english\/#\/schema\/logo\/image\/\",\"url\":\"https:\/\/artepil.com\/english\/wp-content\/uploads\/2018\/03\/artepil.svg\",\"contentUrl\":\"https:\/\/artepil.com\/english\/wp-content\/uploads\/2018\/03\/artepil.svg\",\"width\":250,\"height\":83,\"caption\":\"Artepil Spa - Depilaci\u00f3n Europea\"},\"image\":{\"@id\":\"https:\/\/artepil.com\/english\/#\/schema\/logo\/image\/\"},\"sameAs\":[\"https:\/\/www.facebook.com\/artepilspavallarta\",\"https:\/\/www.instagram.com\/artepilspa\/\"]},{\"@type\":\"Person\",\"@id\":\"https:\/\/artepil.com\/english\/#\/schema\/person\/7c072645abc125087967137bc08faf78\",\"name\":\"Artepil\",\"image\":{\"@type\":\"ImageObject\",\"inLanguage\":\"es\",\"@id\":\"https:\/\/artepil.com\/english\/#\/schema\/person\/image\/\",\"url\":\"https:\/\/secure.gravatar.com\/avatar\/51cae95391d519c689bafb2d0e1cbeea6cfd6167f2f69acfd98f1e9d04278758?s=96&d=mm&r=g\",\"contentUrl\":\"https:\/\/secure.gravatar.com\/avatar\/51cae95391d519c689bafb2d0e1cbeea6cfd6167f2f69acfd98f1e9d04278758?s=96&d=mm&r=g\",\"caption\":\"Artepil\"},\"sameAs\":[\"https:\/\/artepil.com\/english\"],\"url\":\"https:\/\/artepil.com\/english\/author\/adminartepil\/\"}]}<\/script>\n<!-- \/ Yoast SEO Premium plugin. -->","yoast_head_json":{"title":"Tratamiento facial anti acn\u00e9 en Artepil - Artepil","robots":{"index":"index","follow":"follow","max-snippet":"max-snippet:-1","max-image-preview":"max-image-preview:large","max-video-preview":"max-video-preview:-1"},"canonical":"https:\/\/artepil.com\/english\/artepil\/tratamiento-facial-anti-acne-en-artepil\/","og_locale":"es_ES","og_type":"article","og_title":"Tratamiento facial anti acn\u00e9 en Artepil","og_description":"La aparici\u00f3n de acn\u00e9 en el rostro puede ser uno de los momentos m\u00e1s dif\u00edciles en la vida de una persona. Las espinillas, puntos negros y otras...","og_url":"https:\/\/artepil.com\/english\/artepil\/tratamiento-facial-anti-acne-en-artepil\/","og_site_name":"Artepil","article_publisher":"https:\/\/www.facebook.com\/artepilspavallarta","article_published_time":"2021-07-24T23:54:10+00:00","article_modified_time":"2023-03-08T23:59:16+00:00","og_image":[{"width":800,"height":940,"url":"https:\/\/artepil.com\/english\/wp-content\/uploads\/2023\/03\/tratamiento-facial-anti-acne-en-artepil.jpg.webp","type":"image\/webp"}],"author":"Artepil","twitter_card":"summary_large_image","twitter_misc":{"Escrito por":"Artepil","Tiempo de lectura":"3 minutos"},"schema":{"@context":"https:\/\/schema.org","@graph":[{"@type":"Article","@id":"https:\/\/artepil.com\/english\/artepil\/tratamiento-facial-anti-acne-en-artepil\/#article","isPartOf":{"@id":"https:\/\/artepil.com\/english\/artepil\/tratamiento-facial-anti-acne-en-artepil\/"},"author":{"name":"Artepil","@id":"https:\/\/artepil.com\/english\/#\/schema\/person\/7c072645abc125087967137bc08faf78"},"headline":"Tratamiento facial anti acn\u00e9 en Artepil","datePublished":"2021-07-24T23:54:10+00:00","dateModified":"2023-03-08T23:59:16+00:00","mainEntityOfPage":{"@id":"https:\/\/artepil.com\/english\/artepil\/tratamiento-facial-anti-acne-en-artepil\/"},"wordCount":545,"commentCount":0,"publisher":{"@id":"https:\/\/artepil.com\/english\/#organization"},"articleSection":["Artepil"],"inLanguage":"es","potentialAction":[{"@type":"CommentAction","name":"Comment","target":["https:\/\/artepil.com\/english\/artepil\/tratamiento-facial-anti-acne-en-artepil\/#respond"]}]},{"@type":"WebPage","@id":"https:\/\/artepil.com\/english\/artepil\/tratamiento-facial-anti-acne-en-artepil\/","url":"https:\/\/artepil.com\/english\/artepil\/tratamiento-facial-anti-acne-en-artepil\/","name":"Tratamiento facial anti acn\u00e9 en Artepil - Artepil","isPartOf":{"@id":"https:\/\/artepil.com\/english\/#website"},"datePublished":"2021-07-24T23:54:10+00:00","dateModified":"2023-03-08T23:59:16+00:00","breadcrumb":{"@id":"https:\/\/artepil.com\/english\/artepil\/tratamiento-facial-anti-acne-en-artepil\/#breadcrumb"},"inLanguage":"es","potentialAction":[{"@type":"ReadAction","target":["https:\/\/artepil.com\/english\/artepil\/tratamiento-facial-anti-acne-en-artepil\/"]}]},{"@type":"BreadcrumbList","@id":"https:\/\/artepil.com\/english\/artepil\/tratamiento-facial-anti-acne-en-artepil\/#breadcrumb","itemListElement":[{"@type":"ListItem","position":1,"name":"Home","item":"https:\/\/artepil.com\/english\/"},{"@type":"ListItem","position":2,"name":"Tratamiento facial anti acn\u00e9 en Artepil"}]},{"@type":"WebSite","@id":"https:\/\/artepil.com\/english\/#website","url":"https:\/\/artepil.com\/english\/","name":"Artepil","description":"El arte de ser yo","publisher":{"@id":"https:\/\/artepil.com\/english\/#organization"},"potentialAction":[{"@type":"SearchAction","target":{"@type":"EntryPoint","urlTemplate":"https:\/\/artepil.com\/english\/?s={search_term_string}"},"query-input":"required name=search_term_string"}],"inLanguage":"es"},{"@type":"Organization","@id":"https:\/\/artepil.com\/english\/#organization","name":"Artepil Spa - Depilaci\u00f3n Europea","url":"https:\/\/artepil.com\/english\/","logo":{"@type":"ImageObject","inLanguage":"es","@id":"https:\/\/artepil.com\/english\/#\/schema\/logo\/image\/","url":"https:\/\/artepil.com\/english\/wp-content\/uploads\/2018\/03\/artepil.svg","contentUrl":"https:\/\/artepil.com\/english\/wp-content\/uploads\/2018\/03\/artepil.svg","width":250,"height":83,"caption":"Artepil Spa - Depilaci\u00f3n Europea"},"image":{"@id":"https:\/\/artepil.com\/english\/#\/schema\/logo\/image\/"},"sameAs":["https:\/\/www.facebook.com\/artepilspavallarta","https:\/\/www.instagram.com\/artepilspa\/"]},{"@type":"Person","@id":"https:\/\/artepil.com\/english\/#\/schema\/person\/7c072645abc125087967137bc08faf78","name":"Artepil","image":{"@type":"ImageObject","inLanguage":"es","@id":"https:\/\/artepil.com\/english\/#\/schema\/person\/image\/","url":"https:\/\/secure.gravatar.com\/avatar\/51cae95391d519c689bafb2d0e1cbeea6cfd6167f2f69acfd98f1e9d04278758?s=96&d=mm&r=g","contentUrl":"https:\/\/secure.gravatar.com\/avatar\/51cae95391d519c689bafb2d0e1cbeea6cfd6167f2f69acfd98f1e9d04278758?s=96&d=mm&r=g","caption":"Artepil"},"sameAs":["https:\/\/artepil.com\/english"],"url":"https:\/\/artepil.com\/english\/author\/adminartepil\/"}]}},"_links":{"self":[{"href":"https:\/\/artepil.com\/english\/wp-json\/wp\/v2\/posts\/2798","targetHints":{"allow":["GET"]}}],"collection":[{"href":"https:\/\/artepil.com\/english\/wp-json\/wp\/v2\/posts"}],"about":[{"href":"https:\/\/artepil.com\/english\/wp-json\/wp\/v2\/types\/post"}],"author":[{"embeddable":true,"href":"https:\/\/artepil.com\/english\/wp-json\/wp\/v2\/users\/1"}],"replies":[{"embeddable":true,"href":"https:\/\/artepil.com\/english\/wp-json\/wp\/v2\/comments?post=2798"}],"version-history":[{"count":4,"href":"https:\/\/artepil.com\/english\/wp-json\/wp\/v2\/posts\/2798\/revisions"}],"predecessor-version":[{"id":2804,"href":"https:\/\/artepil.com\/english\/wp-json\/wp\/v2\/posts\/2798\/revisions\/2804"}],"wp:featuredmedia":[{"embeddable":true,"href":"https:\/\/artepil.com\/english\/wp-json\/wp\/v2\/media\/2800"}],"wp:attachment":[{"href":"https:\/\/artepil.com\/english\/wp-json\/wp\/v2\/media?parent=2798"}],"wp:term":[{"taxonomy":"category","embeddable":true,"href":"https:\/\/artepil.com\/english\/wp-json\/wp\/v2\/categories?post=2798"},{"taxonomy":"post_tag","embeddable":true,"href":"https:\/\/artepil.com\/english\/wp-json\/wp\/v2\/tags?post=2798"}],"curies":[{"name":"wp","href":"https:\/\/api.w.org\/{rel}","templated":true}]}}