{"id":2806,"date":"2021-07-07T15:53:54","date_gmt":"2021-07-07T15:53:54","guid":{"rendered":"https:\/\/artepil.com\/english\/?p=2806"},"modified":"2023-03-09T16:02:04","modified_gmt":"2023-03-09T16:02:04","slug":"celebra-tu-cuerpo-con-un-masaje-balance","status":"publish","type":"post","link":"https:\/\/artepil.com\/english\/artepil\/celebra-tu-cuerpo-con-un-masaje-balance\/","title":{"rendered":"Celebra tu cuerpo con un masaje balance"},"content":{"rendered":"<p>El trabajo constante y la b\u00fasqueda de lograr nuestras metas, en ocasiones hace que nos olvidemos de darnos un espacio para consentir a nuestro cuerpo. Agradecer todo lo que hace por nosotros y darle un merecido descanso.<\/p>\n<p>Desde luego que el trabajo constante no es algo malo, pero no podemos olvidar un concepto muy importante para llevar una vida plena: El balance. As\u00ed c\u00f3mo nos desvelamos realizando nuestras tareas o ideando nuevos proyectos, debemos hacer un tiempo para liberar el cuerpo del estr\u00e9s y equilibrarlo para que siga funcionando correctamente.<\/p>\n<p>A lo largo de 19 a\u00f1os en Puerto Vallarta y Tepic, en Artepil nos hemos especializado en crear un espacio donde puedas encontrar ese equilibrio con tratamientos de belleza y bienestar. Para celebrar tu cuerpo hemos creado uno de nuestros tratamientos insignia, que es el masaje balance. A continuaci\u00f3n te contamos de qu\u00e9 se trata y una oportunidad de ganar un servicio gratis en celebraci\u00f3n por nuestro aniversario.<\/p>\n<h2>El masaje m\u00e1s completo en Puerto Vallarta<\/h2>\n<p>Entre todos nuestros servicios de <strong><a href=\"https:\/\/artepil.com\/english\/es\/masajes\">masajes en Puerto Vallarta<\/a><\/strong>, el masaje balance es nuestro masaje insignia para consentirte. El masaje balance, combina diferentes t\u00e9cnicas para relajarte, desintoxicarte, estirar tu tejido muscular y hacerte sentir renovada totalmente cuando sales de las instalaciones de Artepil.<\/p>\n<p>Empezaremos con una sesi\u00f3n de <strong>aromaterapia<\/strong>, que utiliza olores que ir\u00e1n llevando a tu mente a un estado de relajaci\u00f3n que permita a nuestro masajista continuar con un <strong><a href=\"https:\/\/artepil.com\/english\/es\/masajes\/el-lugar-para-consentirte-masaje-sueco-en-puerto-vallarta\">masaje sueco<\/a><\/strong> para estimular tu circulaci\u00f3n y liberar toxina da\u00f1inas para tus m\u00fasculos. Despu\u00e9s vendr\u00e1 el <strong>masaje de tejido profundo<\/strong> que consiste en mover las capas m\u00e1s hondas de tus m\u00fasculos para lograr la m\u00e1xima relajaci\u00f3n muscular.<\/p>\n<p>Una vez que nuestro terapeuta ha relajado tus m\u00fasculos y provocado que tu cuerpo empiece a desechar toxinas, con movimientos suaves y superficiales har\u00e1 un <strong>masaje de drenaje linf\u00e1tico<\/strong> para eliminar todas las toxinas acumuladas en la superficie de tu piel.<\/p>\n<p>Para terminar de armonizar tu cuerpo y mente, recibir\u00e1s dos masajes de t\u00e9cnicas orientales que le ayudan al cuerpo a mantener la armon\u00eda y equilibrio: el <strong>masaje Shiatsu<\/strong> que presiona con los dedos diferentes puntos de tu cuerpo para estimular el sistema inmunol\u00f3gico. Y por \u00faltimo vamos a aplicar un <strong>masaje lomi lomi<\/strong> para estimular el sistema circulatorio y de esta manera los m\u00fasculos que hemos tratado se mantengan bien oxigenados.<\/p>\n<p>Puedes <strong><a href=\"https:\/\/artepil.com\/english\/es\/booking\">agendar tu masaje balance<\/a><\/strong> con dos diferentes duraciones de 75 minutos y de 90 minutos, que a los masajes que ya te hemos descrito, agrega una sesi\u00f3n de masaje <strong>piedras calientes.<\/strong><\/p>\n<p><img loading=\"lazy\" decoding=\"async\" class=\"aligncenter wp-image-2810 size-full\" src=\"https:\/\/artepil.com\/english\/wp-content\/uploads\/2023\/03\/paquete-aniversario.jpg\" alt=\"\" width=\"800\" height=\"940\" srcset=\"https:\/\/artepil.com\/english\/wp-content\/uploads\/2023\/03\/paquete-aniversario.jpg 800w, https:\/\/artepil.com\/english\/wp-content\/uploads\/2023\/03\/paquete-aniversario-600x705.jpg 600w, https:\/\/artepil.com\/english\/wp-content\/uploads\/2023\/03\/paquete-aniversario-255x300.jpg 255w, https:\/\/artepil.com\/english\/wp-content\/uploads\/2023\/03\/paquete-aniversario-768x902.jpg 768w\" sizes=\"auto, (max-width: 800px) 100vw, 800px\" \/><\/p>\n<p>&nbsp;<\/p>\n<h2>Aprovecha las ofertas de aniversario de Artepil<\/h2>\n<p>En el mes de julio, Artepil cumple 19 a\u00f1os de consentirte y queremos celebrarlo contigo. Te damos la oportunidad de ganar un masaje balance de 90 minutos en nuestra rifa de aniversario Puedes checar las bases en <a href=\"https:\/\/www.facebook.com\/artepilspavallarta\/photos\/a.160855793987753\/5812162455523697\/\">nuestra publicaci\u00f3n de Facebook.<\/a> Diremos el nombre del ganador el 20 de julio.<\/p>\n<p>Si eres un cliente frecuente, del 7 al 24 de julio del 2021 podr\u00e1s programar tus servicios al comprar nuestras <strong><a href=\"https:\/\/artepil.com\/english\/es\/promocion\/ver\/artepil-11\">series de servicios<\/a> <\/strong>con un descuento extra que no te puedes perder. Tambi\u00e9n puedes comprar <strong><a href=\"https:\/\/artepil.com\/english\/es\/certificados\">certificados de regalo<\/a><\/strong> por precio especial por aniversario, si no sabes que regalar, regala bienestar en Artepil.<\/p>\n<p>Queremos agradecerte por confiar estos 19 a\u00f1os en nuestros servicios para consentirte en Puerto Vallarta y Tepic. Esperamos que nos sigas acompa\u00f1ando a escribir una historia de belleza y bienestar para ti y tus seres queridos.<\/p>\n","protected":false},"excerpt":{"rendered":"<p>El trabajo constante y la b\u00fasqueda de lograr nuestras metas, en ocasiones hace que nos olvidemos de darnos un espacio para consentir a nuestro cuerpo. Agradecer todo&#8230;<\/p>\n","protected":false},"author":1,"featured_media":2809,"comment_status":"open","ping_status":"open","sticky":false,"template":"","format":"standard","meta":{"footnotes":""},"categories":[54],"tags":[],"class_list":["post-2806","post","type-post","status-publish","format-standard","has-post-thumbnail","hentry","category-artepil"],"yoast_head":"<!-- This site is optimized with the Yoast SEO Premium plugin v20.10 (Yoast SEO v21.3) - https:\/\/yoast.com\/wordpress\/plugins\/seo\/ -->\n<title>Celebra tu cuerpo con un masaje balance - Artepil<\/title>\n<meta name=\"robots\" content=\"index, follow, max-snippet:-1, max-image-preview:large, max-video-preview:-1\" \/>\n<link rel=\"canonical\" href=\"https:\/\/artepil.com\/english\/artepil\/celebra-tu-cuerpo-con-un-masaje-balance\/\" \/>\n<meta property=\"og:locale\" content=\"es_ES\" \/>\n<meta property=\"og:type\" content=\"article\" \/>\n<meta property=\"og:title\" content=\"Celebra tu cuerpo con un masaje balance\" \/>\n<meta property=\"og:description\" content=\"El trabajo constante y la b\u00fasqueda de lograr nuestras metas, en ocasiones hace que nos olvidemos de darnos un espacio para consentir a nuestro cuerpo. Agradecer todo...\" \/>\n<meta property=\"og:url\" content=\"https:\/\/artepil.com\/english\/artepil\/celebra-tu-cuerpo-con-un-masaje-balance\/\" \/>\n<meta property=\"og:site_name\" content=\"Artepil\" \/>\n<meta property=\"article:publisher\" content=\"https:\/\/www.facebook.com\/artepilspavallarta\" \/>\n<meta property=\"article:published_time\" content=\"2021-07-07T15:53:54+00:00\" \/>\n<meta property=\"article:modified_time\" content=\"2023-03-09T16:02:04+00:00\" \/>\n<meta property=\"og:image\" content=\"https:\/\/artepil.com\/english\/wp-content\/uploads\/2023\/03\/celebra-tu-cuerpo-con-un-masaje-balance.jpg.webp\" \/>\n\t<meta property=\"og:image:width\" content=\"800\" \/>\n\t<meta property=\"og:image:height\" content=\"940\" \/>\n\t<meta property=\"og:image:type\" content=\"image\/webp\" \/>\n<meta name=\"author\" content=\"Artepil\" \/>\n<meta name=\"twitter:card\" content=\"summary_large_image\" \/>\n<meta name=\"twitter:label1\" content=\"Escrito por\" \/>\n\t<meta name=\"twitter:data1\" content=\"Artepil\" \/>\n\t<meta name=\"twitter:label2\" content=\"Tiempo de lectura\" \/>\n\t<meta name=\"twitter:data2\" content=\"3 minutos\" \/>\n<script type=\"application\/ld+json\" class=\"yoast-schema-graph\">{\"@context\":\"https:\/\/schema.org\",\"@graph\":[{\"@type\":\"Article\",\"@id\":\"https:\/\/artepil.com\/english\/artepil\/celebra-tu-cuerpo-con-un-masaje-balance\/#article\",\"isPartOf\":{\"@id\":\"https:\/\/artepil.com\/english\/artepil\/celebra-tu-cuerpo-con-un-masaje-balance\/\"},\"author\":{\"name\":\"Artepil\",\"@id\":\"https:\/\/artepil.com\/english\/#\/schema\/person\/7c072645abc125087967137bc08faf78\"},\"headline\":\"Celebra tu cuerpo con un masaje balance\",\"datePublished\":\"2021-07-07T15:53:54+00:00\",\"dateModified\":\"2023-03-09T16:02:04+00:00\",\"mainEntityOfPage\":{\"@id\":\"https:\/\/artepil.com\/english\/artepil\/celebra-tu-cuerpo-con-un-masaje-balance\/\"},\"wordCount\":593,\"commentCount\":0,\"publisher\":{\"@id\":\"https:\/\/artepil.com\/english\/#organization\"},\"articleSection\":[\"Artepil\"],\"inLanguage\":\"es\",\"potentialAction\":[{\"@type\":\"CommentAction\",\"name\":\"Comment\",\"target\":[\"https:\/\/artepil.com\/english\/artepil\/celebra-tu-cuerpo-con-un-masaje-balance\/#respond\"]}]},{\"@type\":\"WebPage\",\"@id\":\"https:\/\/artepil.com\/english\/artepil\/celebra-tu-cuerpo-con-un-masaje-balance\/\",\"url\":\"https:\/\/artepil.com\/english\/artepil\/celebra-tu-cuerpo-con-un-masaje-balance\/\",\"name\":\"Celebra tu cuerpo con un masaje balance - Artepil\",\"isPartOf\":{\"@id\":\"https:\/\/artepil.com\/english\/#website\"},\"datePublished\":\"2021-07-07T15:53:54+00:00\",\"dateModified\":\"2023-03-09T16:02:04+00:00\",\"breadcrumb\":{\"@id\":\"https:\/\/artepil.com\/english\/artepil\/celebra-tu-cuerpo-con-un-masaje-balance\/#breadcrumb\"},\"inLanguage\":\"es\",\"potentialAction\":[{\"@type\":\"ReadAction\",\"target\":[\"https:\/\/artepil.com\/english\/artepil\/celebra-tu-cuerpo-con-un-masaje-balance\/\"]}]},{\"@type\":\"BreadcrumbList\",\"@id\":\"https:\/\/artepil.com\/english\/artepil\/celebra-tu-cuerpo-con-un-masaje-balance\/#breadcrumb\",\"itemListElement\":[{\"@type\":\"ListItem\",\"position\":1,\"name\":\"Home\",\"item\":\"https:\/\/artepil.com\/english\/\"},{\"@type\":\"ListItem\",\"position\":2,\"name\":\"Celebra tu cuerpo con un masaje balance\"}]},{\"@type\":\"WebSite\",\"@id\":\"https:\/\/artepil.com\/english\/#website\",\"url\":\"https:\/\/artepil.com\/english\/\",\"name\":\"Artepil\",\"description\":\"El arte de ser yo\",\"publisher\":{\"@id\":\"https:\/\/artepil.com\/english\/#organization\"},\"potentialAction\":[{\"@type\":\"SearchAction\",\"target\":{\"@type\":\"EntryPoint\",\"urlTemplate\":\"https:\/\/artepil.com\/english\/?s={search_term_string}\"},\"query-input\":\"required name=search_term_string\"}],\"inLanguage\":\"es\"},{\"@type\":\"Organization\",\"@id\":\"https:\/\/artepil.com\/english\/#organization\",\"name\":\"Artepil Spa - Depilaci\u00f3n Europea\",\"url\":\"https:\/\/artepil.com\/english\/\",\"logo\":{\"@type\":\"ImageObject\",\"inLanguage\":\"es\",\"@id\":\"https:\/\/artepil.com\/english\/#\/schema\/logo\/image\/\",\"url\":\"https:\/\/artepil.com\/english\/wp-content\/uploads\/2018\/03\/artepil.svg\",\"contentUrl\":\"https:\/\/artepil.com\/english\/wp-content\/uploads\/2018\/03\/artepil.svg\",\"width\":250,\"height\":83,\"caption\":\"Artepil Spa - Depilaci\u00f3n Europea\"},\"image\":{\"@id\":\"https:\/\/artepil.com\/english\/#\/schema\/logo\/image\/\"},\"sameAs\":[\"https:\/\/www.facebook.com\/artepilspavallarta\",\"https:\/\/www.instagram.com\/artepilspa\/\"]},{\"@type\":\"Person\",\"@id\":\"https:\/\/artepil.com\/english\/#\/schema\/person\/7c072645abc125087967137bc08faf78\",\"name\":\"Artepil\",\"image\":{\"@type\":\"ImageObject\",\"inLanguage\":\"es\",\"@id\":\"https:\/\/artepil.com\/english\/#\/schema\/person\/image\/\",\"url\":\"https:\/\/secure.gravatar.com\/avatar\/51cae95391d519c689bafb2d0e1cbeea6cfd6167f2f69acfd98f1e9d04278758?s=96&d=mm&r=g\",\"contentUrl\":\"https:\/\/secure.gravatar.com\/avatar\/51cae95391d519c689bafb2d0e1cbeea6cfd6167f2f69acfd98f1e9d04278758?s=96&d=mm&r=g\",\"caption\":\"Artepil\"},\"sameAs\":[\"https:\/\/artepil.com\/english\"],\"url\":\"https:\/\/artepil.com\/english\/author\/adminartepil\/\"}]}<\/script>\n<!-- \/ Yoast SEO Premium plugin. -->","yoast_head_json":{"title":"Celebra tu cuerpo con un masaje balance - Artepil","robots":{"index":"index","follow":"follow","max-snippet":"max-snippet:-1","max-image-preview":"max-image-preview:large","max-video-preview":"max-video-preview:-1"},"canonical":"https:\/\/artepil.com\/english\/artepil\/celebra-tu-cuerpo-con-un-masaje-balance\/","og_locale":"es_ES","og_type":"article","og_title":"Celebra tu cuerpo con un masaje balance","og_description":"El trabajo constante y la b\u00fasqueda de lograr nuestras metas, en ocasiones hace que nos olvidemos de darnos un espacio para consentir a nuestro cuerpo. Agradecer todo...","og_url":"https:\/\/artepil.com\/english\/artepil\/celebra-tu-cuerpo-con-un-masaje-balance\/","og_site_name":"Artepil","article_publisher":"https:\/\/www.facebook.com\/artepilspavallarta","article_published_time":"2021-07-07T15:53:54+00:00","article_modified_time":"2023-03-09T16:02:04+00:00","og_image":[{"width":800,"height":940,"url":"https:\/\/artepil.com\/english\/wp-content\/uploads\/2023\/03\/celebra-tu-cuerpo-con-un-masaje-balance.jpg.webp","type":"image\/webp"}],"author":"Artepil","twitter_card":"summary_large_image","twitter_misc":{"Escrito por":"Artepil","Tiempo de lectura":"3 minutos"},"schema":{"@context":"https:\/\/schema.org","@graph":[{"@type":"Article","@id":"https:\/\/artepil.com\/english\/artepil\/celebra-tu-cuerpo-con-un-masaje-balance\/#article","isPartOf":{"@id":"https:\/\/artepil.com\/english\/artepil\/celebra-tu-cuerpo-con-un-masaje-balance\/"},"author":{"name":"Artepil","@id":"https:\/\/artepil.com\/english\/#\/schema\/person\/7c072645abc125087967137bc08faf78"},"headline":"Celebra tu cuerpo con un masaje balance","datePublished":"2021-07-07T15:53:54+00:00","dateModified":"2023-03-09T16:02:04+00:00","mainEntityOfPage":{"@id":"https:\/\/artepil.com\/english\/artepil\/celebra-tu-cuerpo-con-un-masaje-balance\/"},"wordCount":593,"commentCount":0,"publisher":{"@id":"https:\/\/artepil.com\/english\/#organization"},"articleSection":["Artepil"],"inLanguage":"es","potentialAction":[{"@type":"CommentAction","name":"Comment","target":["https:\/\/artepil.com\/english\/artepil\/celebra-tu-cuerpo-con-un-masaje-balance\/#respond"]}]},{"@type":"WebPage","@id":"https:\/\/artepil.com\/english\/artepil\/celebra-tu-cuerpo-con-un-masaje-balance\/","url":"https:\/\/artepil.com\/english\/artepil\/celebra-tu-cuerpo-con-un-masaje-balance\/","name":"Celebra tu cuerpo con un masaje balance - Artepil","isPartOf":{"@id":"https:\/\/artepil.com\/english\/#website"},"datePublished":"2021-07-07T15:53:54+00:00","dateModified":"2023-03-09T16:02:04+00:00","breadcrumb":{"@id":"https:\/\/artepil.com\/english\/artepil\/celebra-tu-cuerpo-con-un-masaje-balance\/#breadcrumb"},"inLanguage":"es","potentialAction":[{"@type":"ReadAction","target":["https:\/\/artepil.com\/english\/artepil\/celebra-tu-cuerpo-con-un-masaje-balance\/"]}]},{"@type":"BreadcrumbList","@id":"https:\/\/artepil.com\/english\/artepil\/celebra-tu-cuerpo-con-un-masaje-balance\/#breadcrumb","itemListElement":[{"@type":"ListItem","position":1,"name":"Home","item":"https:\/\/artepil.com\/english\/"},{"@type":"ListItem","position":2,"name":"Celebra tu cuerpo con un masaje balance"}]},{"@type":"WebSite","@id":"https:\/\/artepil.com\/english\/#website","url":"https:\/\/artepil.com\/english\/","name":"Artepil","description":"El arte de ser yo","publisher":{"@id":"https:\/\/artepil.com\/english\/#organization"},"potentialAction":[{"@type":"SearchAction","target":{"@type":"EntryPoint","urlTemplate":"https:\/\/artepil.com\/english\/?s={search_term_string}"},"query-input":"required name=search_term_string"}],"inLanguage":"es"},{"@type":"Organization","@id":"https:\/\/artepil.com\/english\/#organization","name":"Artepil Spa - Depilaci\u00f3n Europea","url":"https:\/\/artepil.com\/english\/","logo":{"@type":"ImageObject","inLanguage":"es","@id":"https:\/\/artepil.com\/english\/#\/schema\/logo\/image\/","url":"https:\/\/artepil.com\/english\/wp-content\/uploads\/2018\/03\/artepil.svg","contentUrl":"https:\/\/artepil.com\/english\/wp-content\/uploads\/2018\/03\/artepil.svg","width":250,"height":83,"caption":"Artepil Spa - Depilaci\u00f3n Europea"},"image":{"@id":"https:\/\/artepil.com\/english\/#\/schema\/logo\/image\/"},"sameAs":["https:\/\/www.facebook.com\/artepilspavallarta","https:\/\/www.instagram.com\/artepilspa\/"]},{"@type":"Person","@id":"https:\/\/artepil.com\/english\/#\/schema\/person\/7c072645abc125087967137bc08faf78","name":"Artepil","image":{"@type":"ImageObject","inLanguage":"es","@id":"https:\/\/artepil.com\/english\/#\/schema\/person\/image\/","url":"https:\/\/secure.gravatar.com\/avatar\/51cae95391d519c689bafb2d0e1cbeea6cfd6167f2f69acfd98f1e9d04278758?s=96&d=mm&r=g","contentUrl":"https:\/\/secure.gravatar.com\/avatar\/51cae95391d519c689bafb2d0e1cbeea6cfd6167f2f69acfd98f1e9d04278758?s=96&d=mm&r=g","caption":"Artepil"},"sameAs":["https:\/\/artepil.com\/english"],"url":"https:\/\/artepil.com\/english\/author\/adminartepil\/"}]}},"_links":{"self":[{"href":"https:\/\/artepil.com\/english\/wp-json\/wp\/v2\/posts\/2806","targetHints":{"allow":["GET"]}}],"collection":[{"href":"https:\/\/artepil.com\/english\/wp-json\/wp\/v2\/posts"}],"about":[{"href":"https:\/\/artepil.com\/english\/wp-json\/wp\/v2\/types\/post"}],"author":[{"embeddable":true,"href":"https:\/\/artepil.com\/english\/wp-json\/wp\/v2\/users\/1"}],"replies":[{"embeddable":true,"href":"https:\/\/artepil.com\/english\/wp-json\/wp\/v2\/comments?post=2806"}],"version-history":[{"count":4,"href":"https:\/\/artepil.com\/english\/wp-json\/wp\/v2\/posts\/2806\/revisions"}],"predecessor-version":[{"id":2813,"href":"https:\/\/artepil.com\/english\/wp-json\/wp\/v2\/posts\/2806\/revisions\/2813"}],"wp:featuredmedia":[{"embeddable":true,"href":"https:\/\/artepil.com\/english\/wp-json\/wp\/v2\/media\/2809"}],"wp:attachment":[{"href":"https:\/\/artepil.com\/english\/wp-json\/wp\/v2\/media?parent=2806"}],"wp:term":[{"taxonomy":"category","embeddable":true,"href":"https:\/\/artepil.com\/english\/wp-json\/wp\/v2\/categories?post=2806"},{"taxonomy":"post_tag","embeddable":true,"href":"https:\/\/artepil.com\/english\/wp-json\/wp\/v2\/tags?post=2806"}],"curies":[{"name":"wp","href":"https:\/\/api.w.org\/{rel}","templated":true}]}}