{"id":2846,"date":"2021-04-09T16:43:30","date_gmt":"2021-04-09T16:43:30","guid":{"rendered":"https:\/\/artepil.com\/english\/?p=2846"},"modified":"2023-03-09T16:54:33","modified_gmt":"2023-03-09T16:54:33","slug":"preparate-para-el-verano-con-la-exfoliacion-corporal","status":"publish","type":"post","link":"https:\/\/artepil.com\/english\/cuidado-personal\/preparate-para-el-verano-con-la-exfoliacion-corporal\/","title":{"rendered":"Prep\u00e1rate para el verano con la exfoliaci\u00f3n corporal"},"content":{"rendered":"<p>Es muy probable que hayas escuchado constantemente que la piel es el \u00f3rgano m\u00e1s grande de nuestro organismo y la importancia de cuidarla. Por razones tanto est\u00e9ticas, c\u00f3mo saludables, cuidar de la salud de tu piel es una necesidad para llevar esa vida saludable y de equilibrio que buscas.<\/p>\n<p>Para muchas personas este cuidado se reduce \u00fanicamente a la piel de la cara, que es la m\u00e1s expuesta a los agentes t\u00f3xicos del medio ambiente. Sin embargo, debes recordar que la piel comprende m\u00e1s all\u00e1 de la cara y es importante cuidarla de manera integral y consentirla peri\u00f3dicamente para alargar su buen aspecto y tacto.<\/p>\n<p>Adem\u00e1s, <strong><a href=\"https:\/\/artepil.com\/english\/es\/depilacion-europea\/depilacion-brasilena-y-un-bikini-con-estilo\">el verano est\u00e1 a la vuelta de la esquina<\/a><\/strong> y es probable que quieras tomar unos d\u00edas para broncearte, lo que significa para ti una raz\u00f3n m\u00e1s para regalarte un tratamiento corporal y preparar tu piel para lucir espectacular durante tus visitas a la piscina o a la playa.<\/p>\n<p>En Artepil, los expertos en consentir tu piel en Puerto Vallarta y Nuevo Vallarta, te queremos contar acerca de los beneficios de nuestros tratamientos spa y en concreto de las ventajas de la exfoliaci\u00f3n corporal. Sigue con nosotros \u00a1Y desc\u00fabrelos!<\/p>\n<h2>Tratamientos Spa para cuidar tu piel<\/h2>\n<p>Antes de seguir, tal vez te est\u00e9s preguntando \u00bfQu\u00e9 son los tratamientos corporales? Te los podemos explicar de esta manera: los tratamientos corporales son una conjunci\u00f3n de conocimientos y t\u00e9cnicas sobre el cuerpo y la piel, que tienen la funci\u00f3n de mejorar la salud y el aspecto del cuerpo o ayudar en problemas espec\u00edficos del mismo.<\/p>\n<p>En general se podr\u00eda decir que sirven para mejorar el aspecto de tu cuerpo, y al verte mejor, te sientes mejor, por lo que tambi\u00e9n tienen un efecto muy positivo en tu autoestima y enfrentar tus retos diarios con una actitud positiva.<\/p>\n<p>Existen tratamientos corporales para moldear la figura y otros que se enfocan en mejorar la salud de la piel. Se pueden utilizar t\u00e9cnicas c\u00f3mo la radiofrecuencia, electro estimulaci\u00f3n o mediante masajes corporales combinados con productos naturales.<\/p>\n<p>En Artepil, nos especializamos en este tipo \u00faltimo tipo de <strong><a href=\"https:\/\/artepil.com\/english\/es\/tratamientos-corporales\">tratamientos spa<\/a><\/strong> con base en masajes corporales enfocados en cuidar la salud de tu piel y darle justo lo que necesita, c\u00f3mo nuestro tratamiento de exfoliaci\u00f3n corporal.<\/p>\n<p><img loading=\"lazy\" decoding=\"async\" class=\"aligncenter wp-image-2849 size-full\" src=\"https:\/\/artepil.com\/english\/wp-content\/uploads\/2023\/03\/tratamiento-spa-artepil.jpg\" alt=\"\" width=\"800\" height=\"940\" srcset=\"https:\/\/artepil.com\/english\/wp-content\/uploads\/2023\/03\/tratamiento-spa-artepil.jpg 800w, https:\/\/artepil.com\/english\/wp-content\/uploads\/2023\/03\/tratamiento-spa-artepil-600x705.jpg 600w, https:\/\/artepil.com\/english\/wp-content\/uploads\/2023\/03\/tratamiento-spa-artepil-255x300.jpg 255w, https:\/\/artepil.com\/english\/wp-content\/uploads\/2023\/03\/tratamiento-spa-artepil-768x902.jpg 768w\" sizes=\"auto, (max-width: 800px) 100vw, 800px\" \/><\/p>\n<h2>Beneficios de tu tratamiento de exfoliaci\u00f3n corporal en Artepil<\/h2>\n<p>Nuestra piel se encuentra en una constante regeneraci\u00f3n; de acuerdo a expertos dermat\u00f3logos, en un ciclo de 28 d\u00edas, m\u00e1s o menos, las c\u00e9lulas de la piel estar\u00e1n renovadas. Durante estos ciclos de renovaci\u00f3n celular, en nuestro cuerpo se acumulan c\u00e9lulas muertas que es importante eliminar.<\/p>\n<p>Si no eliminamos estas c\u00e9lulas muertas de nuestra piel, la piel no puede oxigenarse adecuadamente, ni absorber los nutrientes que hacen posible su renovaci\u00f3n celular. Uno de los tratamientos spa m\u00e1s eficaces para eliminarlas es la exfoliaci\u00f3n corporal.<\/p>\n<p>Adem\u00e1s de eliminar las c\u00e9lulas muertas y promover la regeneraci\u00f3n celular, la exfoliaci\u00f3n corporal tiene otros beneficios:<\/p>\n<ul>\n<li>Tu piel tendr\u00e1 una textura suave y tersa.<\/li>\n<li>Si se realiza constantemente, la exfoliaci\u00f3n corporal te ayuda a eliminar manchas oscuras en la piel.<\/li>\n<li>Tendr\u00e1s un bronceado m\u00e1s uniforme, porque la piel est\u00e1 preparada y receptiva para los productos de protecci\u00f3n de rayos UV.<\/li>\n<li>Al ayudar en la regeneraci\u00f3n celular, la exfoliaci\u00f3n ayuda a que tu piel se mantenga joven durante m\u00e1s a\u00f1os.<\/li>\n<li>Exfoliar tu piel al menos una vez al mes, te ayuda a mejorar el funcionamiento del sistema linf\u00e1tico y eliminar m\u00e1s toxinas a trav\u00e9s de los poros de tu piel.<\/li>\n<li>Al mantener la piel limpia, tendr\u00e1s pocas probabilidades de la aparici\u00f3n de acn\u00e9.<\/li>\n<li>La exfoliaci\u00f3n corporal tambi\u00e9n ayuda a evitar la aparici\u00f3n de vellos encarnados en la piel, lo que har\u00e1 m\u00e1s sencilla tu pr\u00f3xima <strong><a href=\"https:\/\/artepil.com\/english\/es\/depilacion-europea\">sesi\u00f3n de depilaci\u00f3n.<\/a><\/strong><\/li>\n<\/ul>\n<p>Ahora sabes los beneficios de nuestro tratamiento de exfoliaci\u00f3n corporal, no esperes m\u00e1s para cuidar tu piel y <strong><a href=\"https:\/\/artepil.com\/english\/es\/booking\">reserva tu cita en Artepil<\/a><\/strong>. Te recordamos que si reservas directamente en nuestro sitio web, obtendr\u00e1s un descuento exclusivo. Tambi\u00e9n recuerda revisar nuestras <strong><a href=\"https:\/\/artepil.com\/english\/es\/booking\">promociones activas<\/a><\/strong> para no perderte ninguna de las ofertas de Artepil, donde \u00a1Consentirte es nuestro arte!<\/p>\n","protected":false},"excerpt":{"rendered":"<p>Es muy probable que hayas escuchado constantemente que la piel es el \u00f3rgano m\u00e1s grande de nuestro organismo y la importancia de cuidarla. Por razones tanto est\u00e9ticas,&#8230;<\/p>\n","protected":false},"author":1,"featured_media":2848,"comment_status":"open","ping_status":"open","sticky":false,"template":"","format":"standard","meta":{"footnotes":""},"categories":[46],"tags":[],"class_list":["post-2846","post","type-post","status-publish","format-standard","has-post-thumbnail","hentry","category-cuidado-personal"],"yoast_head":"<!-- This site is optimized with the Yoast SEO Premium plugin v20.10 (Yoast SEO v21.3) - https:\/\/yoast.com\/wordpress\/plugins\/seo\/ -->\n<title>Prep\u00e1rate para el verano con la exfoliaci\u00f3n corporal - Artepil<\/title>\n<meta name=\"robots\" content=\"index, follow, max-snippet:-1, max-image-preview:large, max-video-preview:-1\" \/>\n<link rel=\"canonical\" href=\"https:\/\/artepil.com\/english\/cuidado-personal\/preparate-para-el-verano-con-la-exfoliacion-corporal\/\" \/>\n<meta property=\"og:locale\" content=\"es_ES\" \/>\n<meta property=\"og:type\" content=\"article\" \/>\n<meta property=\"og:title\" content=\"Prep\u00e1rate para el verano con la exfoliaci\u00f3n corporal\" \/>\n<meta property=\"og:description\" content=\"Es muy probable que hayas escuchado constantemente que la piel es el \u00f3rgano m\u00e1s grande de nuestro organismo y la importancia de cuidarla. Por razones tanto est\u00e9ticas,...\" \/>\n<meta property=\"og:url\" content=\"https:\/\/artepil.com\/english\/cuidado-personal\/preparate-para-el-verano-con-la-exfoliacion-corporal\/\" \/>\n<meta property=\"og:site_name\" content=\"Artepil\" \/>\n<meta property=\"article:publisher\" content=\"https:\/\/www.facebook.com\/artepilspavallarta\" \/>\n<meta property=\"article:published_time\" content=\"2021-04-09T16:43:30+00:00\" \/>\n<meta property=\"article:modified_time\" content=\"2023-03-09T16:54:33+00:00\" \/>\n<meta property=\"og:image\" content=\"https:\/\/artepil.com\/english\/wp-content\/uploads\/2023\/03\/preparate-para-el-verano-con-la-exfoliacion-corporal.jpg.webp\" \/>\n\t<meta property=\"og:image:width\" content=\"800\" \/>\n\t<meta property=\"og:image:height\" content=\"940\" \/>\n\t<meta property=\"og:image:type\" content=\"image\/webp\" \/>\n<meta name=\"author\" content=\"Artepil\" \/>\n<meta name=\"twitter:card\" content=\"summary_large_image\" \/>\n<meta name=\"twitter:label1\" content=\"Escrito por\" \/>\n\t<meta name=\"twitter:data1\" content=\"Artepil\" \/>\n\t<meta name=\"twitter:label2\" content=\"Tiempo de lectura\" \/>\n\t<meta name=\"twitter:data2\" content=\"4 minutos\" \/>\n<script type=\"application\/ld+json\" class=\"yoast-schema-graph\">{\"@context\":\"https:\/\/schema.org\",\"@graph\":[{\"@type\":\"Article\",\"@id\":\"https:\/\/artepil.com\/english\/cuidado-personal\/preparate-para-el-verano-con-la-exfoliacion-corporal\/#article\",\"isPartOf\":{\"@id\":\"https:\/\/artepil.com\/english\/cuidado-personal\/preparate-para-el-verano-con-la-exfoliacion-corporal\/\"},\"author\":{\"name\":\"Artepil\",\"@id\":\"https:\/\/artepil.com\/english\/#\/schema\/person\/7c072645abc125087967137bc08faf78\"},\"headline\":\"Prep\u00e1rate para el verano con la exfoliaci\u00f3n corporal\",\"datePublished\":\"2021-04-09T16:43:30+00:00\",\"dateModified\":\"2023-03-09T16:54:33+00:00\",\"mainEntityOfPage\":{\"@id\":\"https:\/\/artepil.com\/english\/cuidado-personal\/preparate-para-el-verano-con-la-exfoliacion-corporal\/\"},\"wordCount\":745,\"commentCount\":0,\"publisher\":{\"@id\":\"https:\/\/artepil.com\/english\/#organization\"},\"articleSection\":[\"Cuidado Personal\"],\"inLanguage\":\"es\",\"potentialAction\":[{\"@type\":\"CommentAction\",\"name\":\"Comment\",\"target\":[\"https:\/\/artepil.com\/english\/cuidado-personal\/preparate-para-el-verano-con-la-exfoliacion-corporal\/#respond\"]}]},{\"@type\":\"WebPage\",\"@id\":\"https:\/\/artepil.com\/english\/cuidado-personal\/preparate-para-el-verano-con-la-exfoliacion-corporal\/\",\"url\":\"https:\/\/artepil.com\/english\/cuidado-personal\/preparate-para-el-verano-con-la-exfoliacion-corporal\/\",\"name\":\"Prep\u00e1rate para el verano con la exfoliaci\u00f3n corporal - Artepil\",\"isPartOf\":{\"@id\":\"https:\/\/artepil.com\/english\/#website\"},\"datePublished\":\"2021-04-09T16:43:30+00:00\",\"dateModified\":\"2023-03-09T16:54:33+00:00\",\"breadcrumb\":{\"@id\":\"https:\/\/artepil.com\/english\/cuidado-personal\/preparate-para-el-verano-con-la-exfoliacion-corporal\/#breadcrumb\"},\"inLanguage\":\"es\",\"potentialAction\":[{\"@type\":\"ReadAction\",\"target\":[\"https:\/\/artepil.com\/english\/cuidado-personal\/preparate-para-el-verano-con-la-exfoliacion-corporal\/\"]}]},{\"@type\":\"BreadcrumbList\",\"@id\":\"https:\/\/artepil.com\/english\/cuidado-personal\/preparate-para-el-verano-con-la-exfoliacion-corporal\/#breadcrumb\",\"itemListElement\":[{\"@type\":\"ListItem\",\"position\":1,\"name\":\"Home\",\"item\":\"https:\/\/artepil.com\/english\/\"},{\"@type\":\"ListItem\",\"position\":2,\"name\":\"Prep\u00e1rate para el verano con la exfoliaci\u00f3n corporal\"}]},{\"@type\":\"WebSite\",\"@id\":\"https:\/\/artepil.com\/english\/#website\",\"url\":\"https:\/\/artepil.com\/english\/\",\"name\":\"Artepil\",\"description\":\"El arte de ser yo\",\"publisher\":{\"@id\":\"https:\/\/artepil.com\/english\/#organization\"},\"potentialAction\":[{\"@type\":\"SearchAction\",\"target\":{\"@type\":\"EntryPoint\",\"urlTemplate\":\"https:\/\/artepil.com\/english\/?s={search_term_string}\"},\"query-input\":\"required name=search_term_string\"}],\"inLanguage\":\"es\"},{\"@type\":\"Organization\",\"@id\":\"https:\/\/artepil.com\/english\/#organization\",\"name\":\"Artepil Spa - Depilaci\u00f3n Europea\",\"url\":\"https:\/\/artepil.com\/english\/\",\"logo\":{\"@type\":\"ImageObject\",\"inLanguage\":\"es\",\"@id\":\"https:\/\/artepil.com\/english\/#\/schema\/logo\/image\/\",\"url\":\"https:\/\/artepil.com\/english\/wp-content\/uploads\/2018\/03\/artepil.svg\",\"contentUrl\":\"https:\/\/artepil.com\/english\/wp-content\/uploads\/2018\/03\/artepil.svg\",\"width\":250,\"height\":83,\"caption\":\"Artepil Spa - Depilaci\u00f3n Europea\"},\"image\":{\"@id\":\"https:\/\/artepil.com\/english\/#\/schema\/logo\/image\/\"},\"sameAs\":[\"https:\/\/www.facebook.com\/artepilspavallarta\",\"https:\/\/www.instagram.com\/artepilspa\/\"]},{\"@type\":\"Person\",\"@id\":\"https:\/\/artepil.com\/english\/#\/schema\/person\/7c072645abc125087967137bc08faf78\",\"name\":\"Artepil\",\"image\":{\"@type\":\"ImageObject\",\"inLanguage\":\"es\",\"@id\":\"https:\/\/artepil.com\/english\/#\/schema\/person\/image\/\",\"url\":\"https:\/\/secure.gravatar.com\/avatar\/51cae95391d519c689bafb2d0e1cbeea6cfd6167f2f69acfd98f1e9d04278758?s=96&d=mm&r=g\",\"contentUrl\":\"https:\/\/secure.gravatar.com\/avatar\/51cae95391d519c689bafb2d0e1cbeea6cfd6167f2f69acfd98f1e9d04278758?s=96&d=mm&r=g\",\"caption\":\"Artepil\"},\"sameAs\":[\"https:\/\/artepil.com\/english\"],\"url\":\"https:\/\/artepil.com\/english\/author\/adminartepil\/\"}]}<\/script>\n<!-- \/ Yoast SEO Premium plugin. -->","yoast_head_json":{"title":"Prep\u00e1rate para el verano con la exfoliaci\u00f3n corporal - Artepil","robots":{"index":"index","follow":"follow","max-snippet":"max-snippet:-1","max-image-preview":"max-image-preview:large","max-video-preview":"max-video-preview:-1"},"canonical":"https:\/\/artepil.com\/english\/cuidado-personal\/preparate-para-el-verano-con-la-exfoliacion-corporal\/","og_locale":"es_ES","og_type":"article","og_title":"Prep\u00e1rate para el verano con la exfoliaci\u00f3n corporal","og_description":"Es muy probable que hayas escuchado constantemente que la piel es el \u00f3rgano m\u00e1s grande de nuestro organismo y la importancia de cuidarla. Por razones tanto est\u00e9ticas,...","og_url":"https:\/\/artepil.com\/english\/cuidado-personal\/preparate-para-el-verano-con-la-exfoliacion-corporal\/","og_site_name":"Artepil","article_publisher":"https:\/\/www.facebook.com\/artepilspavallarta","article_published_time":"2021-04-09T16:43:30+00:00","article_modified_time":"2023-03-09T16:54:33+00:00","og_image":[{"width":800,"height":940,"url":"https:\/\/artepil.com\/english\/wp-content\/uploads\/2023\/03\/preparate-para-el-verano-con-la-exfoliacion-corporal.jpg.webp","type":"image\/webp"}],"author":"Artepil","twitter_card":"summary_large_image","twitter_misc":{"Escrito por":"Artepil","Tiempo de lectura":"4 minutos"},"schema":{"@context":"https:\/\/schema.org","@graph":[{"@type":"Article","@id":"https:\/\/artepil.com\/english\/cuidado-personal\/preparate-para-el-verano-con-la-exfoliacion-corporal\/#article","isPartOf":{"@id":"https:\/\/artepil.com\/english\/cuidado-personal\/preparate-para-el-verano-con-la-exfoliacion-corporal\/"},"author":{"name":"Artepil","@id":"https:\/\/artepil.com\/english\/#\/schema\/person\/7c072645abc125087967137bc08faf78"},"headline":"Prep\u00e1rate para el verano con la exfoliaci\u00f3n corporal","datePublished":"2021-04-09T16:43:30+00:00","dateModified":"2023-03-09T16:54:33+00:00","mainEntityOfPage":{"@id":"https:\/\/artepil.com\/english\/cuidado-personal\/preparate-para-el-verano-con-la-exfoliacion-corporal\/"},"wordCount":745,"commentCount":0,"publisher":{"@id":"https:\/\/artepil.com\/english\/#organization"},"articleSection":["Cuidado Personal"],"inLanguage":"es","potentialAction":[{"@type":"CommentAction","name":"Comment","target":["https:\/\/artepil.com\/english\/cuidado-personal\/preparate-para-el-verano-con-la-exfoliacion-corporal\/#respond"]}]},{"@type":"WebPage","@id":"https:\/\/artepil.com\/english\/cuidado-personal\/preparate-para-el-verano-con-la-exfoliacion-corporal\/","url":"https:\/\/artepil.com\/english\/cuidado-personal\/preparate-para-el-verano-con-la-exfoliacion-corporal\/","name":"Prep\u00e1rate para el verano con la exfoliaci\u00f3n corporal - Artepil","isPartOf":{"@id":"https:\/\/artepil.com\/english\/#website"},"datePublished":"2021-04-09T16:43:30+00:00","dateModified":"2023-03-09T16:54:33+00:00","breadcrumb":{"@id":"https:\/\/artepil.com\/english\/cuidado-personal\/preparate-para-el-verano-con-la-exfoliacion-corporal\/#breadcrumb"},"inLanguage":"es","potentialAction":[{"@type":"ReadAction","target":["https:\/\/artepil.com\/english\/cuidado-personal\/preparate-para-el-verano-con-la-exfoliacion-corporal\/"]}]},{"@type":"BreadcrumbList","@id":"https:\/\/artepil.com\/english\/cuidado-personal\/preparate-para-el-verano-con-la-exfoliacion-corporal\/#breadcrumb","itemListElement":[{"@type":"ListItem","position":1,"name":"Home","item":"https:\/\/artepil.com\/english\/"},{"@type":"ListItem","position":2,"name":"Prep\u00e1rate para el verano con la exfoliaci\u00f3n corporal"}]},{"@type":"WebSite","@id":"https:\/\/artepil.com\/english\/#website","url":"https:\/\/artepil.com\/english\/","name":"Artepil","description":"El arte de ser yo","publisher":{"@id":"https:\/\/artepil.com\/english\/#organization"},"potentialAction":[{"@type":"SearchAction","target":{"@type":"EntryPoint","urlTemplate":"https:\/\/artepil.com\/english\/?s={search_term_string}"},"query-input":"required name=search_term_string"}],"inLanguage":"es"},{"@type":"Organization","@id":"https:\/\/artepil.com\/english\/#organization","name":"Artepil Spa - Depilaci\u00f3n Europea","url":"https:\/\/artepil.com\/english\/","logo":{"@type":"ImageObject","inLanguage":"es","@id":"https:\/\/artepil.com\/english\/#\/schema\/logo\/image\/","url":"https:\/\/artepil.com\/english\/wp-content\/uploads\/2018\/03\/artepil.svg","contentUrl":"https:\/\/artepil.com\/english\/wp-content\/uploads\/2018\/03\/artepil.svg","width":250,"height":83,"caption":"Artepil Spa - Depilaci\u00f3n Europea"},"image":{"@id":"https:\/\/artepil.com\/english\/#\/schema\/logo\/image\/"},"sameAs":["https:\/\/www.facebook.com\/artepilspavallarta","https:\/\/www.instagram.com\/artepilspa\/"]},{"@type":"Person","@id":"https:\/\/artepil.com\/english\/#\/schema\/person\/7c072645abc125087967137bc08faf78","name":"Artepil","image":{"@type":"ImageObject","inLanguage":"es","@id":"https:\/\/artepil.com\/english\/#\/schema\/person\/image\/","url":"https:\/\/secure.gravatar.com\/avatar\/51cae95391d519c689bafb2d0e1cbeea6cfd6167f2f69acfd98f1e9d04278758?s=96&d=mm&r=g","contentUrl":"https:\/\/secure.gravatar.com\/avatar\/51cae95391d519c689bafb2d0e1cbeea6cfd6167f2f69acfd98f1e9d04278758?s=96&d=mm&r=g","caption":"Artepil"},"sameAs":["https:\/\/artepil.com\/english"],"url":"https:\/\/artepil.com\/english\/author\/adminartepil\/"}]}},"_links":{"self":[{"href":"https:\/\/artepil.com\/english\/wp-json\/wp\/v2\/posts\/2846","targetHints":{"allow":["GET"]}}],"collection":[{"href":"https:\/\/artepil.com\/english\/wp-json\/wp\/v2\/posts"}],"about":[{"href":"https:\/\/artepil.com\/english\/wp-json\/wp\/v2\/types\/post"}],"author":[{"embeddable":true,"href":"https:\/\/artepil.com\/english\/wp-json\/wp\/v2\/users\/1"}],"replies":[{"embeddable":true,"href":"https:\/\/artepil.com\/english\/wp-json\/wp\/v2\/comments?post=2846"}],"version-history":[{"count":3,"href":"https:\/\/artepil.com\/english\/wp-json\/wp\/v2\/posts\/2846\/revisions"}],"predecessor-version":[{"id":2852,"href":"https:\/\/artepil.com\/english\/wp-json\/wp\/v2\/posts\/2846\/revisions\/2852"}],"wp:featuredmedia":[{"embeddable":true,"href":"https:\/\/artepil.com\/english\/wp-json\/wp\/v2\/media\/2848"}],"wp:attachment":[{"href":"https:\/\/artepil.com\/english\/wp-json\/wp\/v2\/media?parent=2846"}],"wp:term":[{"taxonomy":"category","embeddable":true,"href":"https:\/\/artepil.com\/english\/wp-json\/wp\/v2\/categories?post=2846"},{"taxonomy":"post_tag","embeddable":true,"href":"https:\/\/artepil.com\/english\/wp-json\/wp\/v2\/tags?post=2846"}],"curies":[{"name":"wp","href":"https:\/\/api.w.org\/{rel}","templated":true}]}}