{"id":2870,"date":"2021-02-22T17:25:41","date_gmt":"2021-02-22T17:25:41","guid":{"rendered":"https:\/\/artepil.com\/english\/?p=2870"},"modified":"2023-03-09T17:33:50","modified_gmt":"2023-03-09T17:33:50","slug":"renueva-tu-piel-con-un-facial-de-limpieza-profunda","status":"publish","type":"post","link":"https:\/\/artepil.com\/english\/cuidado-personal\/renueva-tu-piel-con-un-facial-de-limpieza-profunda\/","title":{"rendered":"Renueva tu piel con un Facial de limpieza profunda"},"content":{"rendered":"<p>Dentro de tu rutina diaria, podr\u00edas decir que normalmente lo primero que haces al despertar es ir al cuarto de ba\u00f1o y limpiar tu cara con agua y jab\u00f3n. La limpieza facial es una sensaci\u00f3n que reconforta y te hace sentir feliz para comenzar con las tareas del d\u00eda.<\/p>\n<p>Adem\u00e1s de la felicidad que representa, la limpieza facial es un h\u00e1bito saludable que hidrata tu piel y elimina algunos residuos t\u00f3xicos, siendo esto un apoyo para tu h\u00edgado que ya no tiene que procesar estos residuos. Pero <strong>\u00bfSab\u00edas que lavar tu cara con agua y jab\u00f3n no es suficiente?<\/strong><\/p>\n<p>Los expertos en el cuidado de la piel recomiendan acudir a un profesional para un <strong>facial de limpieza profunda al menos una vez al mes.<\/strong> A continuaci\u00f3n te contamos lo m\u00e1s importante que debes saber sobre este tratamiento, en el lugar para consentirte con <strong>faciales en Puerto Vallarta.<\/strong><\/p>\n<h2>Beneficios de la limpieza facial<\/h2>\n<p>C\u00f3mo dijimos, lavar la cara con agua y jab\u00f3n es una buena pr\u00e1ctica de limpieza facial, pero no es suficiente. Nuestro rostro est\u00e1 expuesto a <strong>los contaminantes<\/strong> que hay en nuestro entorno o en el maquillaje que usamos y se <strong>van acumulando en la piel<\/strong>. Dependiendo del ambiente del lugar en el que vivas, la sequedad o humedad en el aire, tambi\u00e9n tiene consecuencias en tu cara.<\/p>\n<p>Est\u00e1 acumulaci\u00f3n de contaminantes y factores clim\u00e1ticos, provocan que los poros del rostro se obstruyan y se genere acn\u00e9, puntos negros y otras impurezas en la piel que ya no es posible eliminar \u00fanicamente con una limpieza facial superficial.<\/p>\n<p>Es en ese momento cuando se recomienda un tratamiento facial de limpieza profunda. Este tratamiento tiene como funci\u00f3n mejorar el aspecto de tu rostro y apoyarte para una piel m\u00e1s saludable. <strong>No es invasivo y har\u00e1 maravillas por tu piel<\/strong>, por ejemplo:<\/p>\n<ul>\n<li>Ayuda a una mejor hidrataci\u00f3n y oxigenaci\u00f3n de tu piel.<\/li>\n<li>Remueve puntos negros y acn\u00e9.<\/li>\n<li>Relaja y reduce el estr\u00e9s, elimina signos de cansancio en tu rostro.<\/li>\n<li>Elimina c\u00e9lulas muertas y residuos contaminantes de la piel.<\/li>\n<li>Renueva tu piel y reduce los signos de envejecimiento y arrugas.<\/li>\n<li>Tu cara lucir\u00e1 llena de energ\u00eda, fresca y juvenil.<\/li>\n<\/ul>\n<p>Tendr\u00e1s estos y m\u00e1s beneficios para ti, cuando acudes por tu facial de limpieza profunda con los profesionales para consentirte en Puerto Vallarta, <strong>Artepil.<\/strong><\/p>\n<p><img loading=\"lazy\" decoding=\"async\" class=\"aligncenter wp-image-2872 size-full\" src=\"https:\/\/artepil.com\/english\/wp-content\/uploads\/2023\/03\/facial-limpieza-profunda.jpg\" alt=\"\" width=\"800\" height=\"940\" srcset=\"https:\/\/artepil.com\/english\/wp-content\/uploads\/2023\/03\/facial-limpieza-profunda.jpg 800w, https:\/\/artepil.com\/english\/wp-content\/uploads\/2023\/03\/facial-limpieza-profunda-600x705.jpg 600w, https:\/\/artepil.com\/english\/wp-content\/uploads\/2023\/03\/facial-limpieza-profunda-255x300.jpg 255w, https:\/\/artepil.com\/english\/wp-content\/uploads\/2023\/03\/facial-limpieza-profunda-768x902.jpg 768w\" sizes=\"auto, (max-width: 800px) 100vw, 800px\" \/><\/p>\n<h2>\u00bfC\u00f3mo se realiza nuestro tratamiento facial de limpieza profunda?<\/h2>\n<p>Cuando agendes tu cita en Artepil para un <strong><a href=\"https:\/\/artepil.com\/english\/es\/facial\">facial en Puerto Vallarta,<\/a><\/strong> puedes estar segura de estar en buenas manos y recibir\u00e1s todos los beneficios de este tratamiento. Nuestras terapeutas han sido seleccionadas por su conocimiento de la piel y trato ameno al cliente.<\/p>\n<p>Lo primero que har\u00e1 la terapeuta encargada de tu facial, es <strong>identificar tu tipo<\/strong> de piel para utilizar los productos que mejor se lleven con las caracter\u00edsticas \u00fanicas de tu cutis.<\/p>\n<p>En seguida, van a limpiar restos de sudor, suciedades y maquillaje que tu piel tenga con un <strong>limpiador dermocosm\u00e9tico<\/strong> amigable para tu piel y que se retira con agua. Despu\u00e9s se aplica <strong>vapor a tu rostro<\/strong> para abrir los poros de manera que sea m\u00e1s sencillo realizar la exfoliaci\u00f3n y la extracci\u00f3n de las impurezas.<\/p>\n<p>Una vez que los poros est\u00e1n abiertos, tu terapeuta te va a aplicar una exfoliaci\u00f3n. Consiste en remover la capa m\u00e1s superficial de la piel con una crema de microesferas para extraer la suciedad y las espinillas m\u00e1s superficiales. Se aplica la crema en movimientos circulares para relajar a\u00fan m\u00e1s la piel y abrir m\u00e1s los poros. Se retira la crema con agua y una gasa limpia para proceder a la extracci\u00f3n de puntos negros.<\/p>\n<p>La <strong>extracci\u00f3n de puntos<\/strong> negros se realiza de manera con todos los cuidados sanitarios necesarios para que tu piel no sufra durante este proceso. Se retiran los puntos negros desde la nariz, ment\u00f3n, frente y las mejillas al final.<\/p>\n<p>Una vez que se han retirado todos los puntos negros e impurezas, se aplican una <strong>mascarilla especial<\/strong> para calmar la piel y disminuir su enrojecimiento. Su otra funci\u00f3n es cerrar los poros y que tu rostro luzca liso y puro una vez que se retire la mascarilla.<\/p>\n<p>Antes de finalizar se aplica bloqueador solar con factor de protecci\u00f3n solar a 30 o superior. Recuerda que despu\u00e9s de tu facial de limpieza profunda, <strong>tu piel<\/strong> debe pasar por un periodo de recuperaci\u00f3n y <strong>es m\u00e1s sensible<\/strong> <strong>de lo normal.<\/strong><\/p>\n<p>Todo el tratamiento tiene una duraci\u00f3n promedio de <strong>80 minutos<\/strong>. En Artepil nos tomamos nuestro tiempo para consentirte.<\/p>\n<p>Procura <strong>no exponerte<\/strong> al sol a menos que sea estrictamente necesario por al menos 48 horas para evitar la aparici\u00f3n de manchas en la piel. Evita utilizar cremas o productos faciales con exceso de aceites.<\/p>\n<p>Ahora sabes lo que espera en tu pr\u00f3ximo facial de limpieza profunda en Artepil. <strong><a href=\"https:\/\/artepil.com\/english\/es\/booking\">Reserva tu cita<\/a><\/strong> ahora y si tienes alguna duda ponte en contacto con nosotros en el tel\u00e9fono: <strong>(322) 225 9418<\/strong>. Si ya has disfrutado de este tratamiento, comparte tu experiencia con nuestra comunidad en nuestra p\u00e1gina de <strong><a href=\"https:\/\/www.facebook.com\/artepilspavallarta\">Facebook.<\/a><\/strong><\/p>\n","protected":false},"excerpt":{"rendered":"<p>Dentro de tu rutina diaria, podr\u00edas decir que normalmente lo primero que haces al despertar es ir al cuarto de ba\u00f1o y limpiar tu cara con agua&#8230;<\/p>\n","protected":false},"author":1,"featured_media":2873,"comment_status":"open","ping_status":"open","sticky":false,"template":"","format":"standard","meta":{"footnotes":""},"categories":[46],"tags":[],"class_list":["post-2870","post","type-post","status-publish","format-standard","has-post-thumbnail","hentry","category-cuidado-personal"],"yoast_head":"<!-- This site is optimized with the Yoast SEO Premium plugin v20.10 (Yoast SEO v21.3) - https:\/\/yoast.com\/wordpress\/plugins\/seo\/ -->\n<title>Renueva tu piel con un Facial de limpieza profunda - Artepil<\/title>\n<meta name=\"robots\" content=\"index, follow, max-snippet:-1, max-image-preview:large, max-video-preview:-1\" \/>\n<link rel=\"canonical\" href=\"https:\/\/artepil.com\/english\/cuidado-personal\/renueva-tu-piel-con-un-facial-de-limpieza-profunda\/\" \/>\n<meta property=\"og:locale\" content=\"es_ES\" \/>\n<meta property=\"og:type\" content=\"article\" \/>\n<meta property=\"og:title\" content=\"Renueva tu piel con un Facial de limpieza profunda\" \/>\n<meta property=\"og:description\" content=\"Dentro de tu rutina diaria, podr\u00edas decir que normalmente lo primero que haces al despertar es ir al cuarto de ba\u00f1o y limpiar tu cara con agua...\" \/>\n<meta property=\"og:url\" content=\"https:\/\/artepil.com\/english\/cuidado-personal\/renueva-tu-piel-con-un-facial-de-limpieza-profunda\/\" \/>\n<meta property=\"og:site_name\" content=\"Artepil\" \/>\n<meta property=\"article:publisher\" content=\"https:\/\/www.facebook.com\/artepilspavallarta\" \/>\n<meta property=\"article:published_time\" content=\"2021-02-22T17:25:41+00:00\" \/>\n<meta property=\"article:modified_time\" content=\"2023-03-09T17:33:50+00:00\" \/>\n<meta property=\"og:image\" content=\"https:\/\/artepil.com\/english\/wp-content\/uploads\/2023\/03\/renueva-tu-piel-con-un-facial-de-limpieza-profunda.jpg.webp\" \/>\n\t<meta property=\"og:image:width\" content=\"800\" \/>\n\t<meta property=\"og:image:height\" content=\"940\" \/>\n\t<meta property=\"og:image:type\" content=\"image\/webp\" \/>\n<meta name=\"author\" content=\"Artepil\" \/>\n<meta name=\"twitter:card\" content=\"summary_large_image\" \/>\n<meta name=\"twitter:label1\" content=\"Escrito por\" \/>\n\t<meta name=\"twitter:data1\" content=\"Artepil\" \/>\n\t<meta name=\"twitter:label2\" content=\"Tiempo de lectura\" \/>\n\t<meta name=\"twitter:data2\" content=\"4 minutos\" \/>\n<script type=\"application\/ld+json\" class=\"yoast-schema-graph\">{\"@context\":\"https:\/\/schema.org\",\"@graph\":[{\"@type\":\"Article\",\"@id\":\"https:\/\/artepil.com\/english\/cuidado-personal\/renueva-tu-piel-con-un-facial-de-limpieza-profunda\/#article\",\"isPartOf\":{\"@id\":\"https:\/\/artepil.com\/english\/cuidado-personal\/renueva-tu-piel-con-un-facial-de-limpieza-profunda\/\"},\"author\":{\"name\":\"Artepil\",\"@id\":\"https:\/\/artepil.com\/english\/#\/schema\/person\/7c072645abc125087967137bc08faf78\"},\"headline\":\"Renueva tu piel con un Facial de limpieza profunda\",\"datePublished\":\"2021-02-22T17:25:41+00:00\",\"dateModified\":\"2023-03-09T17:33:50+00:00\",\"mainEntityOfPage\":{\"@id\":\"https:\/\/artepil.com\/english\/cuidado-personal\/renueva-tu-piel-con-un-facial-de-limpieza-profunda\/\"},\"wordCount\":885,\"commentCount\":0,\"publisher\":{\"@id\":\"https:\/\/artepil.com\/english\/#organization\"},\"articleSection\":[\"Cuidado Personal\"],\"inLanguage\":\"es\",\"potentialAction\":[{\"@type\":\"CommentAction\",\"name\":\"Comment\",\"target\":[\"https:\/\/artepil.com\/english\/cuidado-personal\/renueva-tu-piel-con-un-facial-de-limpieza-profunda\/#respond\"]}]},{\"@type\":\"WebPage\",\"@id\":\"https:\/\/artepil.com\/english\/cuidado-personal\/renueva-tu-piel-con-un-facial-de-limpieza-profunda\/\",\"url\":\"https:\/\/artepil.com\/english\/cuidado-personal\/renueva-tu-piel-con-un-facial-de-limpieza-profunda\/\",\"name\":\"Renueva tu piel con un Facial de limpieza profunda - Artepil\",\"isPartOf\":{\"@id\":\"https:\/\/artepil.com\/english\/#website\"},\"datePublished\":\"2021-02-22T17:25:41+00:00\",\"dateModified\":\"2023-03-09T17:33:50+00:00\",\"breadcrumb\":{\"@id\":\"https:\/\/artepil.com\/english\/cuidado-personal\/renueva-tu-piel-con-un-facial-de-limpieza-profunda\/#breadcrumb\"},\"inLanguage\":\"es\",\"potentialAction\":[{\"@type\":\"ReadAction\",\"target\":[\"https:\/\/artepil.com\/english\/cuidado-personal\/renueva-tu-piel-con-un-facial-de-limpieza-profunda\/\"]}]},{\"@type\":\"BreadcrumbList\",\"@id\":\"https:\/\/artepil.com\/english\/cuidado-personal\/renueva-tu-piel-con-un-facial-de-limpieza-profunda\/#breadcrumb\",\"itemListElement\":[{\"@type\":\"ListItem\",\"position\":1,\"name\":\"Home\",\"item\":\"https:\/\/artepil.com\/english\/\"},{\"@type\":\"ListItem\",\"position\":2,\"name\":\"Renueva tu piel con un Facial de limpieza profunda\"}]},{\"@type\":\"WebSite\",\"@id\":\"https:\/\/artepil.com\/english\/#website\",\"url\":\"https:\/\/artepil.com\/english\/\",\"name\":\"Artepil\",\"description\":\"El arte de ser yo\",\"publisher\":{\"@id\":\"https:\/\/artepil.com\/english\/#organization\"},\"potentialAction\":[{\"@type\":\"SearchAction\",\"target\":{\"@type\":\"EntryPoint\",\"urlTemplate\":\"https:\/\/artepil.com\/english\/?s={search_term_string}\"},\"query-input\":\"required name=search_term_string\"}],\"inLanguage\":\"es\"},{\"@type\":\"Organization\",\"@id\":\"https:\/\/artepil.com\/english\/#organization\",\"name\":\"Artepil Spa - Depilaci\u00f3n Europea\",\"url\":\"https:\/\/artepil.com\/english\/\",\"logo\":{\"@type\":\"ImageObject\",\"inLanguage\":\"es\",\"@id\":\"https:\/\/artepil.com\/english\/#\/schema\/logo\/image\/\",\"url\":\"https:\/\/artepil.com\/english\/wp-content\/uploads\/2018\/03\/artepil.svg\",\"contentUrl\":\"https:\/\/artepil.com\/english\/wp-content\/uploads\/2018\/03\/artepil.svg\",\"width\":250,\"height\":83,\"caption\":\"Artepil Spa - Depilaci\u00f3n Europea\"},\"image\":{\"@id\":\"https:\/\/artepil.com\/english\/#\/schema\/logo\/image\/\"},\"sameAs\":[\"https:\/\/www.facebook.com\/artepilspavallarta\",\"https:\/\/www.instagram.com\/artepilspa\/\"]},{\"@type\":\"Person\",\"@id\":\"https:\/\/artepil.com\/english\/#\/schema\/person\/7c072645abc125087967137bc08faf78\",\"name\":\"Artepil\",\"image\":{\"@type\":\"ImageObject\",\"inLanguage\":\"es\",\"@id\":\"https:\/\/artepil.com\/english\/#\/schema\/person\/image\/\",\"url\":\"https:\/\/secure.gravatar.com\/avatar\/51cae95391d519c689bafb2d0e1cbeea6cfd6167f2f69acfd98f1e9d04278758?s=96&d=mm&r=g\",\"contentUrl\":\"https:\/\/secure.gravatar.com\/avatar\/51cae95391d519c689bafb2d0e1cbeea6cfd6167f2f69acfd98f1e9d04278758?s=96&d=mm&r=g\",\"caption\":\"Artepil\"},\"sameAs\":[\"https:\/\/artepil.com\/english\"],\"url\":\"https:\/\/artepil.com\/english\/author\/adminartepil\/\"}]}<\/script>\n<!-- \/ Yoast SEO Premium plugin. -->","yoast_head_json":{"title":"Renueva tu piel con un Facial de limpieza profunda - Artepil","robots":{"index":"index","follow":"follow","max-snippet":"max-snippet:-1","max-image-preview":"max-image-preview:large","max-video-preview":"max-video-preview:-1"},"canonical":"https:\/\/artepil.com\/english\/cuidado-personal\/renueva-tu-piel-con-un-facial-de-limpieza-profunda\/","og_locale":"es_ES","og_type":"article","og_title":"Renueva tu piel con un Facial de limpieza profunda","og_description":"Dentro de tu rutina diaria, podr\u00edas decir que normalmente lo primero que haces al despertar es ir al cuarto de ba\u00f1o y limpiar tu cara con agua...","og_url":"https:\/\/artepil.com\/english\/cuidado-personal\/renueva-tu-piel-con-un-facial-de-limpieza-profunda\/","og_site_name":"Artepil","article_publisher":"https:\/\/www.facebook.com\/artepilspavallarta","article_published_time":"2021-02-22T17:25:41+00:00","article_modified_time":"2023-03-09T17:33:50+00:00","og_image":[{"width":800,"height":940,"url":"https:\/\/artepil.com\/english\/wp-content\/uploads\/2023\/03\/renueva-tu-piel-con-un-facial-de-limpieza-profunda.jpg.webp","type":"image\/webp"}],"author":"Artepil","twitter_card":"summary_large_image","twitter_misc":{"Escrito por":"Artepil","Tiempo de lectura":"4 minutos"},"schema":{"@context":"https:\/\/schema.org","@graph":[{"@type":"Article","@id":"https:\/\/artepil.com\/english\/cuidado-personal\/renueva-tu-piel-con-un-facial-de-limpieza-profunda\/#article","isPartOf":{"@id":"https:\/\/artepil.com\/english\/cuidado-personal\/renueva-tu-piel-con-un-facial-de-limpieza-profunda\/"},"author":{"name":"Artepil","@id":"https:\/\/artepil.com\/english\/#\/schema\/person\/7c072645abc125087967137bc08faf78"},"headline":"Renueva tu piel con un Facial de limpieza profunda","datePublished":"2021-02-22T17:25:41+00:00","dateModified":"2023-03-09T17:33:50+00:00","mainEntityOfPage":{"@id":"https:\/\/artepil.com\/english\/cuidado-personal\/renueva-tu-piel-con-un-facial-de-limpieza-profunda\/"},"wordCount":885,"commentCount":0,"publisher":{"@id":"https:\/\/artepil.com\/english\/#organization"},"articleSection":["Cuidado Personal"],"inLanguage":"es","potentialAction":[{"@type":"CommentAction","name":"Comment","target":["https:\/\/artepil.com\/english\/cuidado-personal\/renueva-tu-piel-con-un-facial-de-limpieza-profunda\/#respond"]}]},{"@type":"WebPage","@id":"https:\/\/artepil.com\/english\/cuidado-personal\/renueva-tu-piel-con-un-facial-de-limpieza-profunda\/","url":"https:\/\/artepil.com\/english\/cuidado-personal\/renueva-tu-piel-con-un-facial-de-limpieza-profunda\/","name":"Renueva tu piel con un Facial de limpieza profunda - Artepil","isPartOf":{"@id":"https:\/\/artepil.com\/english\/#website"},"datePublished":"2021-02-22T17:25:41+00:00","dateModified":"2023-03-09T17:33:50+00:00","breadcrumb":{"@id":"https:\/\/artepil.com\/english\/cuidado-personal\/renueva-tu-piel-con-un-facial-de-limpieza-profunda\/#breadcrumb"},"inLanguage":"es","potentialAction":[{"@type":"ReadAction","target":["https:\/\/artepil.com\/english\/cuidado-personal\/renueva-tu-piel-con-un-facial-de-limpieza-profunda\/"]}]},{"@type":"BreadcrumbList","@id":"https:\/\/artepil.com\/english\/cuidado-personal\/renueva-tu-piel-con-un-facial-de-limpieza-profunda\/#breadcrumb","itemListElement":[{"@type":"ListItem","position":1,"name":"Home","item":"https:\/\/artepil.com\/english\/"},{"@type":"ListItem","position":2,"name":"Renueva tu piel con un Facial de limpieza profunda"}]},{"@type":"WebSite","@id":"https:\/\/artepil.com\/english\/#website","url":"https:\/\/artepil.com\/english\/","name":"Artepil","description":"El arte de ser yo","publisher":{"@id":"https:\/\/artepil.com\/english\/#organization"},"potentialAction":[{"@type":"SearchAction","target":{"@type":"EntryPoint","urlTemplate":"https:\/\/artepil.com\/english\/?s={search_term_string}"},"query-input":"required name=search_term_string"}],"inLanguage":"es"},{"@type":"Organization","@id":"https:\/\/artepil.com\/english\/#organization","name":"Artepil Spa - Depilaci\u00f3n Europea","url":"https:\/\/artepil.com\/english\/","logo":{"@type":"ImageObject","inLanguage":"es","@id":"https:\/\/artepil.com\/english\/#\/schema\/logo\/image\/","url":"https:\/\/artepil.com\/english\/wp-content\/uploads\/2018\/03\/artepil.svg","contentUrl":"https:\/\/artepil.com\/english\/wp-content\/uploads\/2018\/03\/artepil.svg","width":250,"height":83,"caption":"Artepil Spa - Depilaci\u00f3n Europea"},"image":{"@id":"https:\/\/artepil.com\/english\/#\/schema\/logo\/image\/"},"sameAs":["https:\/\/www.facebook.com\/artepilspavallarta","https:\/\/www.instagram.com\/artepilspa\/"]},{"@type":"Person","@id":"https:\/\/artepil.com\/english\/#\/schema\/person\/7c072645abc125087967137bc08faf78","name":"Artepil","image":{"@type":"ImageObject","inLanguage":"es","@id":"https:\/\/artepil.com\/english\/#\/schema\/person\/image\/","url":"https:\/\/secure.gravatar.com\/avatar\/51cae95391d519c689bafb2d0e1cbeea6cfd6167f2f69acfd98f1e9d04278758?s=96&d=mm&r=g","contentUrl":"https:\/\/secure.gravatar.com\/avatar\/51cae95391d519c689bafb2d0e1cbeea6cfd6167f2f69acfd98f1e9d04278758?s=96&d=mm&r=g","caption":"Artepil"},"sameAs":["https:\/\/artepil.com\/english"],"url":"https:\/\/artepil.com\/english\/author\/adminartepil\/"}]}},"_links":{"self":[{"href":"https:\/\/artepil.com\/english\/wp-json\/wp\/v2\/posts\/2870","targetHints":{"allow":["GET"]}}],"collection":[{"href":"https:\/\/artepil.com\/english\/wp-json\/wp\/v2\/posts"}],"about":[{"href":"https:\/\/artepil.com\/english\/wp-json\/wp\/v2\/types\/post"}],"author":[{"embeddable":true,"href":"https:\/\/artepil.com\/english\/wp-json\/wp\/v2\/users\/1"}],"replies":[{"embeddable":true,"href":"https:\/\/artepil.com\/english\/wp-json\/wp\/v2\/comments?post=2870"}],"version-history":[{"count":6,"href":"https:\/\/artepil.com\/english\/wp-json\/wp\/v2\/posts\/2870\/revisions"}],"predecessor-version":[{"id":2878,"href":"https:\/\/artepil.com\/english\/wp-json\/wp\/v2\/posts\/2870\/revisions\/2878"}],"wp:featuredmedia":[{"embeddable":true,"href":"https:\/\/artepil.com\/english\/wp-json\/wp\/v2\/media\/2873"}],"wp:attachment":[{"href":"https:\/\/artepil.com\/english\/wp-json\/wp\/v2\/media?parent=2870"}],"wp:term":[{"taxonomy":"category","embeddable":true,"href":"https:\/\/artepil.com\/english\/wp-json\/wp\/v2\/categories?post=2870"},{"taxonomy":"post_tag","embeddable":true,"href":"https:\/\/artepil.com\/english\/wp-json\/wp\/v2\/tags?post=2870"}],"curies":[{"name":"wp","href":"https:\/\/api.w.org\/{rel}","templated":true}]}}