{"id":2917,"date":"2020-12-30T18:17:58","date_gmt":"2020-12-30T18:17:58","guid":{"rendered":"https:\/\/artepil.com\/english\/?p=2917"},"modified":"2023-03-09T19:05:54","modified_gmt":"2023-03-09T19:05:54","slug":"preguntas-frecuentes-sobre-servicios-artepil","status":"publish","type":"post","link":"https:\/\/artepil.com\/english\/artepil\/preguntas-frecuentes-sobre-servicios-artepil\/","title":{"rendered":"Preguntas frecuentes | Artepil"},"content":{"rendered":"<div>Si tienen\u00a0 preguntas respecto a nuestros servicios\u00a0 aqu\u00ed encontrar\u00e1s las respuestas a las preguntas m\u00e1s comunes de nuestros clientes. Navega libremente por el contenido o sigue nuestro \u00edndice para acceder m\u00e1s r\u00e1pido:<\/div>\n<div><\/div>\n<div><\/div>\n<div><span style=\"font-size: 18px;\"><strong>INDICE<\/strong><\/span><\/div>\n<ul>\n<li><a href=\"https:\/\/artepil.com\/english\/es\/blog\/ver\/preguntas-frecuentes-sobre-servicios-artepil#depilacion\">DEPILACI\u00d3N<\/a><\/li>\n<li><a href=\"https:\/\/artepil.com\/english\/es\/blog\/ver\/preguntas-frecuentes-sobre-servicios-artepil#masajes\">MASAJES<\/a><\/li>\n<li><a href=\"https:\/\/artepil.com\/english\/es\/blog\/ver\/preguntas-frecuentes-sobre-servicios-artepil#faciales\">FACIALES<\/a><\/li>\n<li><a href=\"https:\/\/artepil.com\/english\/es\/blog\/ver\/preguntas-frecuentes-sobre-servicios-artepil#mani-pedi\">MANI Y PEDI<\/a><\/li>\n<li><a href=\"https:\/\/artepil.com\/english\/es\/blog\/ver\/preguntas-frecuentes-sobre-servicios-artepil#citas\">CITAS<\/a><\/li>\n<li><a href=\"https:\/\/artepil.com\/english\/es\/blog\/ver\/preguntas-frecuentes-sobre-servicios-artepil#politica\">POL\u00cdTICA DE CANCELACI\u00d3N\u00a0<\/a><\/li>\n<li><a href=\"https:\/\/artepil.com\/english\/es\/blog\/ver\/preguntas-frecuentes-sobre-servicios-artepil#descuento\">BENEFICIOS Y DESCUENTOS\u00a0<\/a><\/li>\n<li><a href=\"https:\/\/artepil.com\/english\/es\/blog\/ver\/preguntas-frecuentes-sobre-servicios-artepil#pago-online\">BENEFICIOS Y COMPROMISOS DE PAGO EN L\u00cdNEA<\/a><\/li>\n<\/ul>\n<blockquote><p><strong>No dudes en ponerte en contacto con nosotros a trav\u00e9s de nuestras redes sociales o ll\u00e1manos al 322 2259418, ser\u00e1 un placer atenderte.<\/strong><\/p><\/blockquote>\n<h2 id=\"depilacion\">DEPILACI\u00d3N<\/h2>\n<p><span style=\"font-size: 18px;\"><strong>\u00bfQu\u00e9 tan largo debe ser el vello para poder depilarme?<\/strong><\/span><\/p>\n<div>M\u00e1s de medio cm de largo para poder extraer de ra\u00edz, si el vello es muy corto no se extraer\u00e1 (o algunos si, y otros no, y no habr\u00e1 buen resultado en la depilaci\u00f3n.) Por ello es mejor esperar a que est\u00e9 un poco m\u00e1s largo.<\/div>\n<p>&nbsp;<\/p>\n<p><span style=\"font-size: 18px;\"><strong>\u00bfSe adelgaza el vello despu\u00e9s de la depilaci\u00f3n?<\/strong><\/span><\/p>\n<div>S\u00ed, el vello adelgaza notoriamente despu\u00e9s de la primera depilaci\u00f3n, sale m\u00e1s suave.<\/div>\n<p>&nbsp;<\/p>\n<p><span style=\"font-size: 18px;\"><strong>\u00bfDebo ir rasurada a mi cita?<\/strong><\/span><\/p>\n<div>No, ya que para poder depilarse de ra\u00edz, el vello debe tener m\u00e1s de medio cm de largo.<\/div>\n<p>&nbsp;<\/p>\n<p><span style=\"font-size: 18px;\"><strong>\u00bfCu\u00e1nto tarda en crecer el vello?<\/strong><\/span><\/p>\n<div>Depende de cada vello, pero en promedio el vello tarda m\u00e1s de dos semanas en empezar a salir, el crecimiento es lento y sale en menor cantidad al paso del tiempo.<\/div>\n<p>&nbsp;<\/p>\n<p><span style=\"font-size: 18px;\"><strong>\u00bfCada cuando debo depilarme?<\/strong><\/span><\/p>\n<div>En\u00a0\u00e1reas faciales\u00a0se recomienda cada 3-4 semanas.<\/div>\n<div>Corporal o bikini, cada 4 semanas<\/div>\n<div>La\u00a0depilaci\u00f3n de axila, en un principio, cada dos semanas, y poco a poco dura m\u00e1s la depilaci\u00f3n.<\/div>\n<p>&nbsp;<\/p>\n<p><span style=\"font-size: 18px;\"><strong>\u00bfEl vello crece m\u00e1s grueso?<\/strong><\/span><\/p>\n<div>No, por el contrario, se debilita y sale m\u00e1s delgado.<\/div>\n<p>&nbsp;<\/p>\n<p><span style=\"font-size: 18px;\"><strong>\u00bfLa cera irrita la piel?<\/strong><\/span><\/p>\n<div>Gracias a la t\u00e9cnica de depilaci\u00f3n y cera natural que utilizamos, la piel realmente no se irrita. Adem\u00e1s utilizamos productos post depilatorios para cuidar tu piel dependiendo el \u00e1rea: mascarillas, aloe vera, lociones calmantes, cremas hidratantes,\u00a0 pantalla solar.<\/div>\n<p>&nbsp;<\/p>\n<p><span style=\"font-size: 18px;\"><strong>\u00bfPuedo exponerme al sol despu\u00e9s de depilarme?<\/strong><\/span><\/p>\n<div>No, despu\u00e9s de depilar se recomienda no exponerse al sol al menos 24 horas y para \u00e1reas m\u00e1s sensibles como el rostro, al menos 36 horas. Adem\u00e1s se recomienda el uso de pantalla solar todos los d\u00edas.<\/div>\n<p>&nbsp;<\/p>\n<p><span style=\"font-size: 18px;\"><strong>\u00bfC\u00f3mo desenterrar el vello?<\/strong><\/span><\/p>\n<div>Si tienes vello enterrado recomendamos exfoliar suavemente el \u00e1rea a depilar de 2 a 3 veces por semana, as\u00ed tu vello podr\u00e1 salir f\u00e1cilmente. No se recomienda exfoliar el mismo d\u00eda de la cita, al menos 1 o 2 d\u00edas antes para evitar irritaci\u00f3n.<\/div>\n<p>&nbsp;<\/p>\n<p><span style=\"font-size: 18px;\"><strong>\u00bfLas ni\u00f1as se pueden depilar?<\/strong><\/span><\/p>\n<div>Si, a partir de los 10 a\u00f1os pueden empezar con \u00e1reas b\u00e1sicas como axilas, bigote o medias piernas.<\/div>\n<p>&nbsp;<\/p>\n<p><span style=\"font-size: 18px;\"><strong>\u00bfSi estoy embarazada, me puedo depilar?<\/strong><\/span><\/p>\n<div>Si, incluso se puede depilar d\u00edas previos al parto.<\/div>\n<p>&nbsp;<\/p>\n<p><span style=\"font-size: 18px;\"><strong>\u00bfC\u00f3mo tengo que ir vestida?<\/strong><\/span><\/p>\n<div>El tipo de vestimenta no es un requisito, nosotros te proporcionaremos una bata y tanga desechable de ser necesario<\/div>\n<p>&nbsp;<\/p>\n<p><span style=\"font-size: 18px;\"><strong>\u00bfDebo ba\u00f1arme antes de asistir a mi depilaci\u00f3n?<\/strong><\/span><\/p>\n<div>Seguramente te sentir\u00e1s m\u00e1s c\u00f3moda, sin embargo, si no te es posible, tenemos aqu\u00ed toallas h\u00famedas desechables para tu uso.<\/div>\n<p>&nbsp;<\/p>\n<p><span style=\"font-size: 18px;\"><strong>\u00bfLa depilaci\u00f3n duele?<\/strong><\/span><\/p>\n<p>Mucho menos de lo que te imaginas, es un momento de un tipo de ardor, pero pasa r\u00e1pidamente. La mayor\u00eda de la gente lo ve como algo totalmente tolerable.<\/p>\n<div><\/div>\n<p><span style=\"font-size: 18px;\"><strong>\u00bfQu\u00e9 me puedo poner para que no duela?<\/strong><\/span><\/p>\n<div>En caso de que tu umbral del dolor sea realmente muy bajo, tenemos dos recomendaciones, te puede aplicar una loci\u00f3n que encontrar\u00e1s en Artepil, se llama \u201cTendskin\u201d. Te la aplicas previo a tu depilaci\u00f3n, har\u00e1 que la ra\u00edz se suavice y permite una m\u00e1s f\u00e1cil extracci\u00f3n y por ende menos molestia. Otra opci\u00f3n es el producto \u201cEmla\u201d que puedes encontrar en farmacias.\u00a0 Es un anest\u00e9sico en crema que puedes poner en el \u00e1rea 30 min antes de la depilaci\u00f3n, y retirarla con las toallas h\u00famedas previo a la misma.<\/div>\n<p>&nbsp;<\/p>\n<p><span style=\"font-size: 18px;\"><strong>\u00bfEs con l\u00e1ser o con cera?<\/strong><\/span><\/p>\n<div>Manejamos una t\u00e9cnica natural muy suave para la piel que har\u00e1 que de forma gradual el vello se debilite. La experiencia es relajante, y los resultados excelentes, sin ning\u00fan tipo de contraindicaci\u00f3n.<\/div>\n<p>&nbsp;<\/p>\n<p><span style=\"font-size: 18px;\"><strong>\u00bfLa cera es caliente o fr\u00eda?<\/strong><\/span><\/p>\n<div>La cera que manejamos es calientita, lo cual tiene excelentes beneficios para la piel, adem\u00e1s de ser terap\u00e9utica, hace que al aplicarla el poro se dilate un poco, y el vello salga desde ra\u00edz, ayudando a una excelente depilaci\u00f3n.<\/div>\n<p>&nbsp;<\/p>\n<p><span style=\"font-size: 18px;\"><strong>\u00bfQu\u00e9 tipos de depilaci\u00f3n de bikini manejan?<\/strong><\/span><\/p>\n<div><strong>Bikini Normal<\/strong>:\u00a0 Es la depilaci\u00f3n del vello que puede salir de un bikini chiquito, en algunos lugares le llaman resaque.<\/div>\n<div><strong>Bikini Latino<\/strong>:\u00a0\u00a0Es la depilaci\u00f3n de bikini normal, pero incluye adem\u00e1s la depilaci\u00f3n entre gl\u00fateos.<\/div>\n<div><strong>Bikini Brasile\u00f1o<\/strong>:\u00a0 Es la depilaci\u00f3n de todo el vello p\u00fabico, incluyendo labios, entre labios y entre gl\u00fateos.\u00a0 Se puede si se desea dejar un dise\u00f1o coqueto en la parte del frente del \u00e1rea (incluso se puede elegir por nombre: Tri\u00e1ngulo de las Bermudas, Copa de Martini, Pista de Aterrizaje, Estampilla Postal, Mohawk, o Coraz\u00f3n. Todo depende de lo que el vello permita).<\/div>\n<p>&nbsp;<\/p>\n<p><span style=\"font-size: 18px;\"><strong>\u00bfPor qu\u00e9 se entierra el vello?<\/strong><\/span><\/p>\n<div>Son vellos rebeldes que, despu\u00e9s de rasurarse o depilarse crecen en una direcci\u00f3n diferente al resto. En lugar de salir por fuera de la piel, se enredan y crecen debajo de ella, o salen y se vuelven a enterrar, provocando as\u00ed que la piel se inflame (se hinche) un poco y aparezcan peque\u00f1os \u201cbultos\u201d.<\/div>\n<p>&nbsp;<\/p>\n<p><span style=\"font-size: 18px;\"><strong>\u00bfQu\u00e9 hacer para prevenir que el vello se entierre?<\/strong><\/span><\/p>\n<div>Lo mejor es exfoliar 2 o 3 veces a la semana el \u00e1rea, puede ser con un exfoliante grumoso antes o despu\u00e9s del ba\u00f1o.\u00a0 El de granos de caf\u00e9 con aceite de coco previo al ba\u00f1o dejar\u00e1 una piel suave e hidratada.<\/div>\n<p>&nbsp;<\/p>\n<p><span style=\"font-size: 18px;\"><strong>\u00bfC\u00f3mo desenterrar el vello?<\/strong><\/span><\/p>\n<div>Depende de d\u00f3nde se sit\u00faa el vello enterrado:<\/div>\n<ul>\n<li><strong>Piernas y brazos<\/strong>:\u00a0Utilizar una fibra Pomania, que tenemos a la venta. Exfoliar en seco suavemente en forma circular, y ver como sale f\u00e1cilmente el vello enterrado. Es importante que sea suave y en seco (previo al ba\u00f1o, con la piel bien seca).<\/li>\n<li><strong>Bikini o rostro<\/strong>:\u00a0Utilizar Tenskin, es una excelente loci\u00f3n de venta en Artepil, para retirar e incluso prevenir el vello enterrado en zonas sensibles como bikini o rostro.\u00a0 Aplicarse a diario despu\u00e9s del ba\u00f1o, de forma directa solo en el punto donde se sit\u00faa el vello enterrado.\u00a0 En pocos d\u00edas se tendr\u00e1n resultados.<\/li>\n<\/ul>\n<p>&nbsp;<\/p>\n<p><span style=\"font-size: 18px;\"><strong>\u00bfC\u00f3mo se puede aclarar las axilas, entre piernas o entre gl\u00fateos?<\/strong><\/span><\/p>\n<div>\n<div>Tenemos un excelente suero para estas \u00e1reas, incluso se puede utilizar en el rostro, se llama \u201cDay &amp; Night Fading Serum\u201d.\u00a0 \u00a0Se obtienen excelentes resultados. Modo de uso:\u00a0 Es un suero bif\u00e1sico, por lo que se tiene que batir previo a su uso. La primera vez, hacer prueba en antebrazo previo a utilizarse en otras \u00e1reas del cuerpo, para revisar que no haya alergia a alg\u00fan componente. Despu\u00e9s de preferencia solo usarlo durante la noche.<\/div>\n<\/div>\n<div id=\"\u201cMASAJES\u201d\"><\/div>\n<h2><\/h2>\n<h2 id=\"masajes\">MASAJES EN PUERTO VALLARTA<\/h2>\n<p><span style=\"font-size: 18px;\"><strong>\u00bfSi estoy embarazada, puedo tomar masaje?<\/strong><\/span><\/p>\n<div>S\u00ed, tenemos un masaje especial para la futura mam\u00e1, es el masaje prenatal que se puede disfrutar dentro del 4to y 8vo mes de gestaci\u00f3n, siempre y cuando no haya ning\u00fan tipo de riesgo.\u00a0 \u00a0No se puede tomar ning\u00fan otro masaje en estos tiempos, ni tampoco antes del 4to mes ni despu\u00e9s del 8avo.<\/div>\n<div><\/div>\n<div><\/div>\n<p><span style=\"font-size: 18px;\"><strong>\u00bfC\u00f3mo debo ir vestid@ para tomar el masaje?<\/strong><\/span><\/p>\n<div>Como gustes est\u00e1 bien.\u00a0 Previo al masaje pondr\u00e1s toda tu ropa en un locker y nosotros te proporcionaremos bata y pantuflas.<\/div>\n<div><\/div>\n<p>&nbsp;<\/p>\n<p><span style=\"font-size: 18px;\"><strong>\u00bfLos masajes en pareja se pueden hacer en la misma cabina?<\/strong><\/span><\/p>\n<div>Tenemos esta opci\u00f3n, de masajes en pareja en la misma cabina, en la sucursal de Nuevo Vallarta y la sucursal de Zona Rom\u00e1ntica.<\/div>\n<p><span style=\"font-size: 18px;\"><strong>\u00bfQu\u00e9 masaje me recomiendas?<\/strong><\/span><\/p>\n<div>Depende del resultado que te gustar\u00eda:<\/div>\n<div>Si buscas un\u00a0<strong>masaje suave y relajante:<\/strong><\/div>\n<ul>\n<li>Masaje Aromaterapia o Masaje Sueco 50 o 75 min.<\/li>\n<\/ul>\n<ul>\n<li>Sin embargo, el masaje Aromaterapia es m\u00e1s completo, puesto que se aplican aceites esenciales en los 7 chakras, y esto ayuda a relajar, a regular nuestras emociones,\u00a0 a recuperar la energ\u00eda y ayuda con problemas de sue\u00f1o y problemas digestivos.<\/li>\n<\/ul>\n<div style=\"padding-left: 40px;\">Si deseas un\u00a0<strong>masaje relajante pero tambi\u00e9n descontracturante,<\/strong> y que ayude al descanso muscular:<\/div>\n<ul>\n<li style=\"list-style-type: none;\">\n<ul>\n<li>Masaje Balance (mezcla de 7 diferentes t\u00e9cnicas, entre ellas aromaterapia, tejido profundo, piedras calientes, estiramientos, drenaje linf\u00e1tico, puntos shiatsu, reflexolog\u00eda\u2026 por algo es uno de los masajes favoritos). 75 o 90min<\/li>\n<\/ul>\n<\/li>\n<\/ul>\n<div style=\"padding-left: 40px;\">Si te gusta el\u00a0<strong>masaje fuerte, que alivie la tensi\u00f3n del m\u00fasculo a profundidad:<\/strong><\/div>\n<ul>\n<li style=\"list-style-type: none;\">\n<ul>\n<li>Masaje Tejido Profundo 75min o 90min<\/li>\n<\/ul>\n<\/li>\n<\/ul>\n<div style=\"padding-left: 40px;\">Si disfrutas de\u00a0<strong>terapias calientes, y de un alivio muscular y emocional:<\/strong><\/div>\n<ul>\n<li style=\"list-style-type: none;\">\n<ul>\n<li>Masaje Piedras Calientes 90min<\/li>\n<\/ul>\n<\/li>\n<\/ul>\n<div style=\"padding-left: 40px;\">Si eres amante del\u00a0<strong>buen masaje terap\u00e9utico, y buscas uno diferente:<\/strong><\/div>\n<ul>\n<li style=\"list-style-type: none;\">\n<ul>\n<li>Masaje Vid 75 o 90 min, es un masaje con t\u00e9cnica Lomi lomi (trabajo con antebrazo), se utilizan toques de vino tinto, y aceite de semilla de uva, que hace de este masaje toda una experiencia.<\/li>\n<\/ul>\n<\/li>\n<\/ul>\n<div style=\"padding-left: 40px;\">Si buscas\u00a0<strong>relajaci\u00f3n, bienestar integral, y amas el masaje en pies:<\/strong><\/div>\n<ul>\n<li style=\"list-style-type: none;\">\n<ul>\n<li>Masaje Vital 90min.\u00a0 Combina un excelente masaje de espalda, con una excelente terapia de reflexolog\u00eda en pies, para una sensaci\u00f3n prolongada de salud.<\/li>\n<\/ul>\n<\/li>\n<\/ul>\n<div style=\"padding-left: 40px;\">Si buscas un descanso especialmente en el\u00a0<strong>\u00e1rea de la espalda:<\/strong><\/div>\n<ul>\n<li style=\"list-style-type: none;\">\n<ul>\n<li>Masaje de Espalda 25 min o 40 min<\/li>\n<\/ul>\n<\/li>\n<\/ul>\n<div style=\"padding-left: 40px;\">Si buscas descansar s\u00f3lo el\u00a0<strong>\u00e1rea de piernas:<\/strong><\/div>\n<ul>\n<li style=\"list-style-type: none;\">\n<ul>\n<li>Masaje de Piernas Cansadas 40 min<\/li>\n<\/ul>\n<\/li>\n<\/ul>\n<div style=\"padding-left: 40px;\">Si buscas una terapia\u00a0<strong>relajante, que adem\u00e1s traiga bienestar:<\/strong><\/div>\n<ul>\n<li style=\"list-style-type: none;\">\n<ul>\n<li>Masaje de Reflexolog\u00eda en Pies 50 min.<\/li>\n<\/ul>\n<\/li>\n<\/ul>\n<div><\/div>\n<h2 id=\"faciales\">FACIALES EN PUERTO VALLARTA<\/h2>\n<p><span style=\"font-size: 18px;\"><strong>\u00bfQu\u00e9 facial me recomiendan?<\/strong><\/span><\/p>\n<div>Si es la primera vez que te vamos a atender, o hace mucho no te realizas un facial, te recomendaremos inicialmente un Facial de Limpieza Profunda, para retirar impurezas profundas.<\/div>\n<div>O, si normalmente utilizas buen producto de apoyo en casa, y no tienes problema de barritos, o impurezas profundas, y\u00a0 lo que necesitas es una renovaci\u00f3n de piel, entonces te recomendamos un Facial Detox para desintoxicar y renovar.<\/div>\n<p>&nbsp;<\/p>\n<div><span style=\"font-size: 18px;\"><strong>\u00bfYa tom\u00e9 un facial de limpieza profunda, qu\u00e9 seguimiento tendr\u00e9?<\/strong><\/span><\/div>\n<ul>\n<li>Si tu<strong>\u00a0piel tiende a tener impurezas o barritos<\/strong>, podemos seguir con el facial de limpieza profunda una vez al mes.<\/li>\n<li>Si tu piel se siente\u00a0<strong>desnutrida o desvitalizada,<\/strong> podemos s<\/li>\n<li>uir con el facial Hidratante o el Detox.<\/li>\n<li>Si quieres lucir un rostro m\u00e1s jovial, puedes alternar tu Limpieza Profunda o Detox con un Facial Anti Edad.<\/li>\n<li>Si necesitas una\u00a0<strong>Renovaci\u00f3n Total<\/strong>, entonces te recomendaremos ese: Renovaci\u00f3n Total, que combina un facial de Limpieza Profunda con un Facial Antiedad para maximizar resultados.<\/li>\n<\/ul>\n<p>&nbsp;<\/p>\n<p><span style=\"font-size: 18px;\"><strong>\u00bfCada cu\u00e1nto se recomienda hacer un facial?<\/strong><\/span><\/p>\n<div>Una vez al mes, a menos de que tu Terapeuta te haga alguna recomendaci\u00f3n diferente.<\/div>\n<div><\/div>\n<p>&nbsp;<\/p>\n<p><span style=\"font-size: 18px;\"><strong>\u00bfPuedo ir a la playa despu\u00e9s de realizarme un Facial de Limpieza Profunda?<\/strong><\/span><\/p>\n<div>No, lo recomendable son de 2 a 3 d\u00edas sin salir al sol, s\u00f3lo si es muy necesario. Es super importante el bloqueador solar ya que tu piel est\u00e1 sensible y se podr\u00eda manchar.\u00a0 Incluso, no lo recomendar\u00edamos despu\u00e9s de ning\u00fan facial.<\/div>\n<div><\/div>\n<p>&nbsp;<\/p>\n<p><span style=\"font-size: 18px;\"><strong>\u00bfQu\u00e9 productos se utilizan en cabina?<\/strong><\/span><\/p>\n<div>Todos nuestros productos son de uso espec\u00edfico en cabina de la m\u00e1s alta calidad.\u00a0 En cada facial se utiliza producto espec\u00edfico para tu tipo de piel.<\/div>\n<div><\/div>\n<h2 id=\"mani-pedi\">MANICURE Y PEDICURE EN PUERTO VALLARTA<\/h2>\n<p><span style=\"font-size: 18px;\"><strong>\u00bfHacen u\u00f1as acr\u00edlicas?<\/strong><\/span><\/p>\n<div>No manejamos u\u00f1as acr\u00edlicas, pero si manejamos aplicaci\u00f3n de gel.<\/div>\n<div><\/div>\n<p>&nbsp;<\/p>\n<p><span style=\"font-size: 18px;\"><strong>\u00bfPor qu\u00e9 el Gel se cobra aparte?<\/strong><\/span><\/p>\n<p>Es un servicio completamente diferente a una aplicaci\u00f3n de esmalte, es un producto de mayor costo, la aplicaci\u00f3n requiere el uso de l\u00e1mparas de secado especiales, y se require m\u00e1s tiempo para la aplicaci\u00f3n.<\/p>\n<div><\/div>\n<h2 id=\"citas\">CITAS<\/h2>\n<p><span style=\"font-size: 18px;\"><strong>\u00bfCu\u00e1nto tiempo tengo de tolerancia para llegar a mi cita?<\/strong><\/span><\/p>\n<div>No manejamos tolerancia pues la puntualidad de nuestros servicios es muy importante, en caso de que por alguna raz\u00f3n no puedas llegar a tu cita a tiempo, ll\u00e1manos lo antes posible, y con gusto te confirmamos si podemos mover o retrasar tu cita.<\/div>\n<div><\/div>\n<div>\n<h2><\/h2>\n<h2 id=\"politica\">POL\u00cdTICA DE CANCELACI\u00d3N<\/h2>\n<ul>\n<li>En caso de mover o cancelar servicios agendados, favor de avisarnos m\u00ednimo 2 horas antes para evitar el 30% en recargos y evitar que nuestra terapeuta se quede sin trabajo.<\/li>\n<\/ul>\n<ul>\n<li>Agradecemos tu puntualidad, favor de asistir a tu cita con cubre bocas, sin acompa\u00f1antes y sin ni\u00f1os.<\/li>\n<\/ul>\n<ul>\n<li>Al llegar se te tomar\u00e1 la temperatura y si tuviera temperatura de 37 o m\u00e1s, por seguridad de todos, no podremos atenderte.<\/li>\n<\/ul>\n<ul>\n<li>Por tu salud, no podemos atender clientes con hipertensi\u00f3n o diabetes hasta nuevo aviso de parte de las autoridades pertinentes.<\/li>\n<\/ul>\n<\/div>\n<h2><\/h2>\n<h2 id=\"descuento\">BENEFICIOS Y DESCUENTOS<\/h2>\n<div><span style=\"font-size: 12px;\">* Los beneficios y\/o descuentos no se pueden combinar<\/span><\/div>\n<p>&nbsp;<\/p>\n<p><span style=\"font-size: 18px;\"><strong>\u00bfPuedo usar mis puntos con paquetes de servicio?<\/strong><\/span><\/p>\n<div>No se puede combinar promociones y beneficios.\u00a0 En este caso te recomiendo utilices el paquete y guardes tus puntos para cuando tomes servicios sin alguna promoci\u00f3n vigente.<\/div>\n<div><\/div>\n<p><span style=\"font-size: 18px;\"><strong>\u00bfHay descuentos en productos?<\/strong><\/span><\/p>\n<div>En ocasiones, s\u00ed tenemos promociones especiales en productos.<\/div>\n<p>&nbsp;<\/p>\n<p><span style=\"font-size: 18px;\"><strong>\u00bfPuedo usar puntos para pagar productos?<\/strong><\/span><\/p>\n<div>Los puntos solo se pueden canjear en servicios a precio de lista.<\/div>\n<p>&nbsp;<\/p>\n<p><span style=\"font-size: 18px;\"><strong>\u00bfLos paquetes de depilaci\u00f3n los puedo comprar y utilizar en dos citas distintas? \u00bfPor ejemplo, el paquete de piernas y brasile\u00f1o?<\/strong><\/span><\/p>\n<div>Estos paquetes est\u00e1n dise\u00f1ados para utilizarse en el mismo d\u00eda, por lo cual no se pueden utilizar en d\u00edas distintos.<\/div>\n<div><\/div>\n<p>&nbsp;<\/p>\n<p><span style=\"font-size: 18px;\"><strong>\u00bfPor qu\u00e9 me cobran un recargo por no venir a mi cita?<\/strong><\/span><\/p>\n<div>Cuando se realiza una cita se comunica la Pol\u00edtica de Cancelaci\u00f3n en la cual expresamos la importancia de tener la consideraci\u00f3n de llamarnos 2 horas antes m\u00ednimo en caso de mover o cancelar alg\u00fan servicio o la cita completa, para que de esta forma nuestra terapeuta no se quede sin trabajo y sin la posibilidad de atender a otro cliente.<\/div>\n<p>&nbsp;<\/p>\n<p><span style=\"font-size: 18px;\"><strong>\u00bfCu\u00e1l chica me recomiendas que sea igual de buena?<\/strong><\/span><\/p>\n<div>Hay que recordar que todas nuestras terapeutas son excelentes, por eso todas pasan por un proceso intenso de capacitaci\u00f3n, pero si se dice esto al cliente, no le da la misma confianza que si se le recomienda a alguien.\u00a0 En estos casos, preguntar qu\u00e9 es lo que le gusta de la persona que quiere que la atienda, y recomendar a la que est\u00e9 disponible en el horario que el cliente lo desee.\u00a0 Y poner en notas en caso de que el cliente busque algo en especial \u201cquiere mucha presi\u00f3n\u201d \u201cle gusta que el servicio de depilaci\u00f3n sea r\u00e1pido\u201d etc.<\/div>\n<p>&nbsp;<\/p>\n<p><span style=\"font-size: 18px;\"><strong>\u00bfEn qu\u00e9 consisten los Paquetes de Servicios Spa?<\/strong><\/span><\/p>\n<div>Puedes seleccionar uno o m\u00e1s servicios de cada categor\u00eda (m\u00ednimo 3 categor\u00edas).\u00a0 Las categor\u00edas son: Masajes, Faciales, Depilaci\u00f3n, Mani\/Pedicure, Tratamientos Corporales.<\/div>\n<div>Ej:\u00a0 Masaje, Facial, Pedicure<\/div>\n<div>Ej: Depilaci\u00f3n, Tratamiento, Facial<\/div>\n<p>&nbsp;<\/p>\n<p><span style=\"font-size: 18px;\"><strong>Descuentos de clientes de primera cita, solo aplica para clientes en su primera cita en Artepil.<\/strong><\/span><\/p>\n<div>Si anteriormente ya hab\u00edan asistido a Fluvial, y ahora van a Marina, ya no se puede aplicar el descuento de primera vez. Solo aplica el descuento de 1era vez a los clientes que no se encuentran en la base de datos, y confirman que es su primera vez en Artepil.<\/div>\n<p>&nbsp;<\/p>\n<h2 id=\"pago-online\">BENEFICIOS Y COMPROMISOS DE PAGO EN L\u00cdNEA<\/h2>\n<p>&nbsp;<\/p>\n<p><span style=\"font-size: 18px;\"><strong>Beneficios de Pago en L\u00ednea<\/strong><\/span><\/p>\n<div>Se les otorgar\u00e1 un 5% de descuento a los clientes que paguen en l\u00ednea.<\/div>\n<div><\/div>\n<p>&nbsp;<\/p>\n<p><span style=\"font-size: 18px;\"><strong>Compromisos y Pol\u00edtica de Pago en L\u00ednea<\/strong><\/span><\/p>\n<div>En caso de cambio de horario y\/o fecha de la cita, este se tendr\u00e1 que realizar m\u00ednimo 2 horas antes de la cita al tel\u00e9fono\u00a0<strong>322 2259418.<\/strong><\/div>\n<div><\/div>\n<div><span style=\"font-size: 12px;\"><strong>En caso de cambio o cancelaci\u00f3n con menos de 2 horas de anticipaci\u00f3n, o el no asistir a la cita, se tomar\u00e1 como un No Show. El servicio quedar\u00e1 pagado, no habr\u00e1 devoluci\u00f3n, ni se podr\u00e1 cambiar de fecha\/hora.<\/strong><\/span><\/div>\n<p>&nbsp;<\/p>\n<p><span style=\"font-size: 18px;\"><strong>Cita con Pago en L\u00ednea<\/strong><\/span><\/p>\n<div>Al llegar a tu cita, la recepcionista te solicitar\u00e1 el c\u00f3digo de reservaci\u00f3n para confirmar tu pago. Favor de guardarlo o anotarlo. El c\u00f3digo de reserva se encuentra en el correo de confirmaci\u00f3n de la cita y en el correo de confirmaci\u00f3n del pago.<\/div>\n","protected":false},"excerpt":{"rendered":"<p>Si tienen\u00a0 preguntas respecto a nuestros servicios\u00a0 aqu\u00ed encontrar\u00e1s las respuestas a las preguntas m\u00e1s comunes de nuestros clientes. Navega libremente por el contenido o sigue nuestro&#8230;<\/p>\n","protected":false},"author":1,"featured_media":2935,"comment_status":"open","ping_status":"open","sticky":false,"template":"","format":"standard","meta":{"footnotes":""},"categories":[54],"tags":[],"class_list":["post-2917","post","type-post","status-publish","format-standard","has-post-thumbnail","hentry","category-artepil"],"yoast_head":"<!-- This site is optimized with the Yoast SEO Premium plugin v20.10 (Yoast SEO v21.3) - https:\/\/yoast.com\/wordpress\/plugins\/seo\/ -->\n<title>Preguntas frecuentes | Artepil - Artepil<\/title>\n<meta name=\"robots\" content=\"index, follow, max-snippet:-1, max-image-preview:large, max-video-preview:-1\" \/>\n<link rel=\"canonical\" href=\"https:\/\/artepil.com\/english\/artepil\/preguntas-frecuentes-sobre-servicios-artepil\/\" \/>\n<meta property=\"og:locale\" content=\"es_ES\" \/>\n<meta property=\"og:type\" content=\"article\" \/>\n<meta property=\"og:title\" content=\"Preguntas frecuentes | Artepil\" \/>\n<meta property=\"og:description\" content=\"Si tienen\u00a0 preguntas respecto a nuestros servicios\u00a0 aqu\u00ed encontrar\u00e1s las respuestas a las preguntas m\u00e1s comunes de nuestros clientes. Navega libremente por el contenido o sigue nuestro...\" \/>\n<meta property=\"og:url\" content=\"https:\/\/artepil.com\/english\/artepil\/preguntas-frecuentes-sobre-servicios-artepil\/\" \/>\n<meta property=\"og:site_name\" content=\"Artepil\" \/>\n<meta property=\"article:publisher\" content=\"https:\/\/www.facebook.com\/artepilspavallarta\" \/>\n<meta property=\"article:published_time\" content=\"2020-12-30T18:17:58+00:00\" \/>\n<meta property=\"article:modified_time\" content=\"2023-03-09T19:05:54+00:00\" \/>\n<meta property=\"og:image\" content=\"https:\/\/artepil.com\/english\/wp-content\/uploads\/2023\/03\/preguntas-frecuentes-sobre-servicios-artepil.jpg.webp\" \/>\n\t<meta property=\"og:image:width\" content=\"800\" \/>\n\t<meta property=\"og:image:height\" content=\"940\" \/>\n\t<meta property=\"og:image:type\" content=\"image\/webp\" \/>\n<meta name=\"author\" content=\"Artepil\" \/>\n<meta name=\"twitter:card\" content=\"summary_large_image\" \/>\n<meta name=\"twitter:label1\" content=\"Escrito por\" \/>\n\t<meta name=\"twitter:data1\" content=\"Artepil\" \/>\n\t<meta name=\"twitter:label2\" content=\"Tiempo de lectura\" \/>\n\t<meta name=\"twitter:data2\" content=\"14 minutos\" \/>\n<script type=\"application\/ld+json\" class=\"yoast-schema-graph\">{\"@context\":\"https:\/\/schema.org\",\"@graph\":[{\"@type\":\"Article\",\"@id\":\"https:\/\/artepil.com\/english\/artepil\/preguntas-frecuentes-sobre-servicios-artepil\/#article\",\"isPartOf\":{\"@id\":\"https:\/\/artepil.com\/english\/artepil\/preguntas-frecuentes-sobre-servicios-artepil\/\"},\"author\":{\"name\":\"Artepil\",\"@id\":\"https:\/\/artepil.com\/english\/#\/schema\/person\/7c072645abc125087967137bc08faf78\"},\"headline\":\"Preguntas frecuentes | Artepil\",\"datePublished\":\"2020-12-30T18:17:58+00:00\",\"dateModified\":\"2023-03-09T19:05:54+00:00\",\"mainEntityOfPage\":{\"@id\":\"https:\/\/artepil.com\/english\/artepil\/preguntas-frecuentes-sobre-servicios-artepil\/\"},\"wordCount\":2770,\"commentCount\":0,\"publisher\":{\"@id\":\"https:\/\/artepil.com\/english\/#organization\"},\"articleSection\":[\"Artepil\"],\"inLanguage\":\"es\",\"potentialAction\":[{\"@type\":\"CommentAction\",\"name\":\"Comment\",\"target\":[\"https:\/\/artepil.com\/english\/artepil\/preguntas-frecuentes-sobre-servicios-artepil\/#respond\"]}]},{\"@type\":\"WebPage\",\"@id\":\"https:\/\/artepil.com\/english\/artepil\/preguntas-frecuentes-sobre-servicios-artepil\/\",\"url\":\"https:\/\/artepil.com\/english\/artepil\/preguntas-frecuentes-sobre-servicios-artepil\/\",\"name\":\"Preguntas frecuentes | Artepil - Artepil\",\"isPartOf\":{\"@id\":\"https:\/\/artepil.com\/english\/#website\"},\"datePublished\":\"2020-12-30T18:17:58+00:00\",\"dateModified\":\"2023-03-09T19:05:54+00:00\",\"breadcrumb\":{\"@id\":\"https:\/\/artepil.com\/english\/artepil\/preguntas-frecuentes-sobre-servicios-artepil\/#breadcrumb\"},\"inLanguage\":\"es\",\"potentialAction\":[{\"@type\":\"ReadAction\",\"target\":[\"https:\/\/artepil.com\/english\/artepil\/preguntas-frecuentes-sobre-servicios-artepil\/\"]}]},{\"@type\":\"BreadcrumbList\",\"@id\":\"https:\/\/artepil.com\/english\/artepil\/preguntas-frecuentes-sobre-servicios-artepil\/#breadcrumb\",\"itemListElement\":[{\"@type\":\"ListItem\",\"position\":1,\"name\":\"Home\",\"item\":\"https:\/\/artepil.com\/english\/\"},{\"@type\":\"ListItem\",\"position\":2,\"name\":\"Preguntas frecuentes | Artepil\"}]},{\"@type\":\"WebSite\",\"@id\":\"https:\/\/artepil.com\/english\/#website\",\"url\":\"https:\/\/artepil.com\/english\/\",\"name\":\"Artepil\",\"description\":\"El arte de ser yo\",\"publisher\":{\"@id\":\"https:\/\/artepil.com\/english\/#organization\"},\"potentialAction\":[{\"@type\":\"SearchAction\",\"target\":{\"@type\":\"EntryPoint\",\"urlTemplate\":\"https:\/\/artepil.com\/english\/?s={search_term_string}\"},\"query-input\":\"required name=search_term_string\"}],\"inLanguage\":\"es\"},{\"@type\":\"Organization\",\"@id\":\"https:\/\/artepil.com\/english\/#organization\",\"name\":\"Artepil Spa - Depilaci\u00f3n Europea\",\"url\":\"https:\/\/artepil.com\/english\/\",\"logo\":{\"@type\":\"ImageObject\",\"inLanguage\":\"es\",\"@id\":\"https:\/\/artepil.com\/english\/#\/schema\/logo\/image\/\",\"url\":\"https:\/\/artepil.com\/english\/wp-content\/uploads\/2018\/03\/artepil.svg\",\"contentUrl\":\"https:\/\/artepil.com\/english\/wp-content\/uploads\/2018\/03\/artepil.svg\",\"width\":250,\"height\":83,\"caption\":\"Artepil Spa - Depilaci\u00f3n Europea\"},\"image\":{\"@id\":\"https:\/\/artepil.com\/english\/#\/schema\/logo\/image\/\"},\"sameAs\":[\"https:\/\/www.facebook.com\/artepilspavallarta\",\"https:\/\/www.instagram.com\/artepilspa\/\"]},{\"@type\":\"Person\",\"@id\":\"https:\/\/artepil.com\/english\/#\/schema\/person\/7c072645abc125087967137bc08faf78\",\"name\":\"Artepil\",\"image\":{\"@type\":\"ImageObject\",\"inLanguage\":\"es\",\"@id\":\"https:\/\/artepil.com\/english\/#\/schema\/person\/image\/\",\"url\":\"https:\/\/secure.gravatar.com\/avatar\/51cae95391d519c689bafb2d0e1cbeea6cfd6167f2f69acfd98f1e9d04278758?s=96&d=mm&r=g\",\"contentUrl\":\"https:\/\/secure.gravatar.com\/avatar\/51cae95391d519c689bafb2d0e1cbeea6cfd6167f2f69acfd98f1e9d04278758?s=96&d=mm&r=g\",\"caption\":\"Artepil\"},\"sameAs\":[\"https:\/\/artepil.com\/english\"],\"url\":\"https:\/\/artepil.com\/english\/author\/adminartepil\/\"}]}<\/script>\n<!-- \/ Yoast SEO Premium plugin. -->","yoast_head_json":{"title":"Preguntas frecuentes | Artepil - Artepil","robots":{"index":"index","follow":"follow","max-snippet":"max-snippet:-1","max-image-preview":"max-image-preview:large","max-video-preview":"max-video-preview:-1"},"canonical":"https:\/\/artepil.com\/english\/artepil\/preguntas-frecuentes-sobre-servicios-artepil\/","og_locale":"es_ES","og_type":"article","og_title":"Preguntas frecuentes | Artepil","og_description":"Si tienen\u00a0 preguntas respecto a nuestros servicios\u00a0 aqu\u00ed encontrar\u00e1s las respuestas a las preguntas m\u00e1s comunes de nuestros clientes. Navega libremente por el contenido o sigue nuestro...","og_url":"https:\/\/artepil.com\/english\/artepil\/preguntas-frecuentes-sobre-servicios-artepil\/","og_site_name":"Artepil","article_publisher":"https:\/\/www.facebook.com\/artepilspavallarta","article_published_time":"2020-12-30T18:17:58+00:00","article_modified_time":"2023-03-09T19:05:54+00:00","og_image":[{"width":800,"height":940,"url":"https:\/\/artepil.com\/english\/wp-content\/uploads\/2023\/03\/preguntas-frecuentes-sobre-servicios-artepil.jpg.webp","type":"image\/webp"}],"author":"Artepil","twitter_card":"summary_large_image","twitter_misc":{"Escrito por":"Artepil","Tiempo de lectura":"14 minutos"},"schema":{"@context":"https:\/\/schema.org","@graph":[{"@type":"Article","@id":"https:\/\/artepil.com\/english\/artepil\/preguntas-frecuentes-sobre-servicios-artepil\/#article","isPartOf":{"@id":"https:\/\/artepil.com\/english\/artepil\/preguntas-frecuentes-sobre-servicios-artepil\/"},"author":{"name":"Artepil","@id":"https:\/\/artepil.com\/english\/#\/schema\/person\/7c072645abc125087967137bc08faf78"},"headline":"Preguntas frecuentes | Artepil","datePublished":"2020-12-30T18:17:58+00:00","dateModified":"2023-03-09T19:05:54+00:00","mainEntityOfPage":{"@id":"https:\/\/artepil.com\/english\/artepil\/preguntas-frecuentes-sobre-servicios-artepil\/"},"wordCount":2770,"commentCount":0,"publisher":{"@id":"https:\/\/artepil.com\/english\/#organization"},"articleSection":["Artepil"],"inLanguage":"es","potentialAction":[{"@type":"CommentAction","name":"Comment","target":["https:\/\/artepil.com\/english\/artepil\/preguntas-frecuentes-sobre-servicios-artepil\/#respond"]}]},{"@type":"WebPage","@id":"https:\/\/artepil.com\/english\/artepil\/preguntas-frecuentes-sobre-servicios-artepil\/","url":"https:\/\/artepil.com\/english\/artepil\/preguntas-frecuentes-sobre-servicios-artepil\/","name":"Preguntas frecuentes | Artepil - Artepil","isPartOf":{"@id":"https:\/\/artepil.com\/english\/#website"},"datePublished":"2020-12-30T18:17:58+00:00","dateModified":"2023-03-09T19:05:54+00:00","breadcrumb":{"@id":"https:\/\/artepil.com\/english\/artepil\/preguntas-frecuentes-sobre-servicios-artepil\/#breadcrumb"},"inLanguage":"es","potentialAction":[{"@type":"ReadAction","target":["https:\/\/artepil.com\/english\/artepil\/preguntas-frecuentes-sobre-servicios-artepil\/"]}]},{"@type":"BreadcrumbList","@id":"https:\/\/artepil.com\/english\/artepil\/preguntas-frecuentes-sobre-servicios-artepil\/#breadcrumb","itemListElement":[{"@type":"ListItem","position":1,"name":"Home","item":"https:\/\/artepil.com\/english\/"},{"@type":"ListItem","position":2,"name":"Preguntas frecuentes | Artepil"}]},{"@type":"WebSite","@id":"https:\/\/artepil.com\/english\/#website","url":"https:\/\/artepil.com\/english\/","name":"Artepil","description":"El arte de ser yo","publisher":{"@id":"https:\/\/artepil.com\/english\/#organization"},"potentialAction":[{"@type":"SearchAction","target":{"@type":"EntryPoint","urlTemplate":"https:\/\/artepil.com\/english\/?s={search_term_string}"},"query-input":"required name=search_term_string"}],"inLanguage":"es"},{"@type":"Organization","@id":"https:\/\/artepil.com\/english\/#organization","name":"Artepil Spa - Depilaci\u00f3n Europea","url":"https:\/\/artepil.com\/english\/","logo":{"@type":"ImageObject","inLanguage":"es","@id":"https:\/\/artepil.com\/english\/#\/schema\/logo\/image\/","url":"https:\/\/artepil.com\/english\/wp-content\/uploads\/2018\/03\/artepil.svg","contentUrl":"https:\/\/artepil.com\/english\/wp-content\/uploads\/2018\/03\/artepil.svg","width":250,"height":83,"caption":"Artepil Spa - Depilaci\u00f3n Europea"},"image":{"@id":"https:\/\/artepil.com\/english\/#\/schema\/logo\/image\/"},"sameAs":["https:\/\/www.facebook.com\/artepilspavallarta","https:\/\/www.instagram.com\/artepilspa\/"]},{"@type":"Person","@id":"https:\/\/artepil.com\/english\/#\/schema\/person\/7c072645abc125087967137bc08faf78","name":"Artepil","image":{"@type":"ImageObject","inLanguage":"es","@id":"https:\/\/artepil.com\/english\/#\/schema\/person\/image\/","url":"https:\/\/secure.gravatar.com\/avatar\/51cae95391d519c689bafb2d0e1cbeea6cfd6167f2f69acfd98f1e9d04278758?s=96&d=mm&r=g","contentUrl":"https:\/\/secure.gravatar.com\/avatar\/51cae95391d519c689bafb2d0e1cbeea6cfd6167f2f69acfd98f1e9d04278758?s=96&d=mm&r=g","caption":"Artepil"},"sameAs":["https:\/\/artepil.com\/english"],"url":"https:\/\/artepil.com\/english\/author\/adminartepil\/"}]}},"_links":{"self":[{"href":"https:\/\/artepil.com\/english\/wp-json\/wp\/v2\/posts\/2917","targetHints":{"allow":["GET"]}}],"collection":[{"href":"https:\/\/artepil.com\/english\/wp-json\/wp\/v2\/posts"}],"about":[{"href":"https:\/\/artepil.com\/english\/wp-json\/wp\/v2\/types\/post"}],"author":[{"embeddable":true,"href":"https:\/\/artepil.com\/english\/wp-json\/wp\/v2\/users\/1"}],"replies":[{"embeddable":true,"href":"https:\/\/artepil.com\/english\/wp-json\/wp\/v2\/comments?post=2917"}],"version-history":[{"count":16,"href":"https:\/\/artepil.com\/english\/wp-json\/wp\/v2\/posts\/2917\/revisions"}],"predecessor-version":[{"id":2936,"href":"https:\/\/artepil.com\/english\/wp-json\/wp\/v2\/posts\/2917\/revisions\/2936"}],"wp:featuredmedia":[{"embeddable":true,"href":"https:\/\/artepil.com\/english\/wp-json\/wp\/v2\/media\/2935"}],"wp:attachment":[{"href":"https:\/\/artepil.com\/english\/wp-json\/wp\/v2\/media?parent=2917"}],"wp:term":[{"taxonomy":"category","embeddable":true,"href":"https:\/\/artepil.com\/english\/wp-json\/wp\/v2\/categories?post=2917"},{"taxonomy":"post_tag","embeddable":true,"href":"https:\/\/artepil.com\/english\/wp-json\/wp\/v2\/tags?post=2917"}],"curies":[{"name":"wp","href":"https:\/\/api.w.org\/{rel}","templated":true}]}}