{"id":3030,"date":"2020-06-02T12:55:30","date_gmt":"2020-06-02T12:55:30","guid":{"rendered":"https:\/\/artepil.com\/english\/?p=3030"},"modified":"2023-03-10T17:23:20","modified_gmt":"2023-03-10T17:23:20","slug":"cuidarte-a-ti-es-tambien-cuidar-a-los-demas-1","status":"publish","type":"post","link":"https:\/\/artepil.com\/english\/cuidado-personal\/cuidarte-a-ti-es-tambien-cuidar-a-los-demas-1\/","title":{"rendered":"Cuidarte a ti es tambi\u00e9n cuidar a los dem\u00e1s"},"content":{"rendered":"<p><strong>\u201cCuidarte a ti mismo\u201d\u00a0<\/strong>es una frase que muchas veces se malinterpreta como un acto de ego\u00edsmo y poco emp\u00e1tica para con los dem\u00e1s. <strong>Pero\u00a0nunca debemos confundir ego\u00edsmo con amor propio.<\/strong><\/p>\n<p>Tener un alto amor propio o sana autoestima, te permite ser m\u00e1s positivo al momento de ayudar a los dem\u00e1s, sentirte bien contigo lleva a un camino de intentar ayudar a las personas a tu alrededor a encontrar su felicidad. Ver\u00e1s que es de vital importancia llegar a sentirnos bien con qui\u00e9n somos y c\u00f3mo estamos para ayudar a los dem\u00e1s.<\/p>\n<h2>La importancia de nuestra autoestima<\/h2>\n<p>\u201cAmarse a uno mismo antes de intentar amar a otra persona\u201d es otra frase vista como algo trillado y vacuo, pero que, debajo de lo coloquial esconde una profunda verdad.<\/p>\n<p>&nbsp;<\/p>\n<blockquote><p><strong>Si no empezamos por descubrir lo fabulosos que somos y las cosas que nos gustar\u00eda mejorar, es muy dif\u00edcil proyectar una visi\u00f3n positiva en otra persona.<\/strong><\/p><\/blockquote>\n<p>Nuestra\u00a0<strong>autoestima<\/strong>\u00a0es fundamental para permitirnos ayudar a las personas de nuestro alrededor. Encontrar nuestro justo valor y tener una actitud positiva con relaci\u00f3n a nosotros mismos nos va permitir desarrollarnos de una manera positiva y saludable en nuestro entorno, permitiendo\u00a0<strong>esforzarnos para lograr nuestras metas y sortear los obst\u00e1culos que se nos presentan.<\/strong><\/p>\n<p>Para lograr tener una autoestima sano y llevar la mejor relaci\u00f3n con nosotros debemos empezar por el\u00a0<strong>auto conocimiento.<\/strong> Tomarse un momento del d\u00eda para mirar profundamente dentro de nosotros mismos y encontrar las cosas que nos hacen \u00fanicos y valiosos, adem\u00e1s de corregir las conductas que no nos parezcan tan positivas.<\/p>\n<p><strong>La conciencia es una de las herramientas m\u00e1s poderosas del ser humano<\/strong>\u00a0y para poder desarrollarla debemos aprender a aceptarnos, ya que son nuestras imperfecciones lo que nos convierten en perfectos seres humanos.<\/p>\n<h2>Tu mundo, el mundo<\/h2>\n<p>Cuando comenzamos a pensar en nosotros de manera consciente, a descubrir ese &#8220;yo&#8221; en t\u00e9rminos freudianos, aceptamos que nuestras caracter\u00edsticas no son una condena sino una hermosa posibilidad de ser. No como algo finito y definido, sino como un lienzo y una paleta de colores desde donde creamos nuestra existencia.<\/p>\n<p>&nbsp;<\/p>\n<blockquote><p><strong>Es por ello que estar bien contigo es lo primero a tener en cuenta cuando vamos a interactuar con otros.<\/strong><\/p><\/blockquote>\n<p>La necesidad de cuidarse a uno mismo es una necesidad fundamental para poder estar bien con uno y con los dem\u00e1s. No es posible dar lo que no se tiene, por lo cual no es posible establecer relaciones saludables en el tiempo si no resolvemos en primera instancia nuestra relaci\u00f3n con nosotros mismos.<\/p>\n<h2>Una forma de querernos<\/h2>\n<p>Sin duda, existe un importante factor para sentirnos mejor con nosotros mismo y poder reflejar esa actitud hacia los dem\u00e1s. Esto es; nuestro\u00a0<strong>cuidado personal<\/strong>. Cuidar nuestro cuerpo y a nuestra mente es una tarea que muchos subestiman, colocando a los otros por delante.<\/p>\n<p>Es com\u00fan que en la maternidad, por ejemplo, las mujeres pospongan o aplacen sus necesidades para satisfacer la de sus hijos primero. Habr\u00e1 ocasiones donde ello tenga sentido, pero es imposible sostener esta situaci\u00f3n durante a\u00f1os sin sentirse totalmente agotadas.<\/p>\n<p>Tras el confinamiento provocado por la pandemia\u00a0<strong>covid-19<\/strong>\u00a0sin lugar a dudas, muchas personas est\u00e1n sobresaturadas por las preocupaciones e intensidad de la vida familiar. Descuidando un poco nuestra imagen personal y al mismo tiempo nuestra autoestima.<\/p>\n<p>&nbsp;<\/p>\n<blockquote><p><strong>\u00a1Pero arriba! No hay que dejarnos vencer, todav\u00eda hay mucho mundo por vivir y tenemos que estar fuertes y preparados para cuidarnos y cuidar a las personas que amamos.<\/strong><\/p><\/blockquote>\n<p>Espacios y acciones simples, como ba\u00f1arnos y sentirnos limpios, un corte de cabello que nos agrade o tener la piel suave, puede incrementar en gran medida nuestra satisfacci\u00f3n personal y por ende ayudarnos a llevarnos mejor con los dem\u00e1s.<\/p>\n<p>&nbsp;<\/p>\n<h3>Un espacio para consentirte<\/h3>\n<p><strong>Artepil es un espacio dise\u00f1ado para consentirte<\/strong>.\u00a0Nuestros ambientes ofrecen una experiencia de paz, belleza y bienestar. Nos concentramos en ti, sabemos que eres especial y queremos que t\u00fa tambi\u00e9n lo sientas.<\/p>\n<p>&nbsp;<\/p>\n<p>Contamos con tratamientos especializados y las profesionales m\u00e1s adecuados para tener una sesi\u00f3n de cari\u00f1o para tu cuerpo y tu cuidado personal. Te aseguramos que tu d\u00eda ya no ser\u00e1 el mismo, ya que saldr\u00e1s m\u00e1s que satisfecha y preparada para proyectar la mejor versi\u00f3n de ti misma.<\/p>\n<p><strong>Hemos comenzado a abrir de manera paulatina nuestros servicios en Puerto Vallarta<\/strong>.\u00a0\u00a1Reserva con tiempo tu espacio! Porque tenemos lugares limitados. Puedes hacerlo llamando al\u00a0<strong>+52 (322) 225 9418,<\/strong> envi\u00e1ndonos un mensaje en las\u00a0<strong><a href=\"https:\/\/www.facebook.com\/artepilspavallarta?_rdc=1&amp;_rdr\">redes sociales<\/a><\/strong>, o simplemente desde\u00a0nuestra <strong><a href=\"https:\/\/artepil.com\/english\/es\/booking\">p\u00e1gina web.<\/a><\/strong><\/p>\n<p>Al acudir a nuestras instalaciones, nos comprometemos a no poner en riesgo tu salud ni la de tus seres queridos, adem\u00e1s de que salir un momento de casa te ayudar\u00e1 a distraerte y disminuir tu ansiedad. Conoce nuestro\u00a0<strong><a href=\"https:\/\/artepil.com\/english\/es\/blog\/ver\/protocolo-de-higiene-covid-19-1\">protocolo de higiene<\/a><\/strong>\u00a0para m\u00e1s informaci\u00f3n.<\/p>\n","protected":false},"excerpt":{"rendered":"<p>\u201cCuidarte a ti mismo\u201d\u00a0es una frase que muchas veces se malinterpreta como un acto de ego\u00edsmo y poco emp\u00e1tica para con los dem\u00e1s. Pero\u00a0nunca debemos confundir ego\u00edsmo&#8230;<\/p>\n","protected":false},"author":1,"featured_media":3034,"comment_status":"open","ping_status":"open","sticky":false,"template":"","format":"standard","meta":{"footnotes":""},"categories":[46],"tags":[],"class_list":["post-3030","post","type-post","status-publish","format-standard","has-post-thumbnail","hentry","category-cuidado-personal"],"yoast_head":"<!-- This site is optimized with the Yoast SEO Premium plugin v20.10 (Yoast SEO v21.3) - https:\/\/yoast.com\/wordpress\/plugins\/seo\/ -->\n<title>Cuidarte a ti es tambi\u00e9n cuidar a los dem\u00e1s - Artepil<\/title>\n<meta name=\"robots\" content=\"index, follow, max-snippet:-1, max-image-preview:large, max-video-preview:-1\" \/>\n<link rel=\"canonical\" href=\"https:\/\/artepil.com\/english\/cuidado-personal\/cuidarte-a-ti-es-tambien-cuidar-a-los-demas-1\/\" \/>\n<meta property=\"og:locale\" content=\"es_ES\" \/>\n<meta property=\"og:type\" content=\"article\" \/>\n<meta property=\"og:title\" content=\"Cuidarte a ti es tambi\u00e9n cuidar a los dem\u00e1s\" \/>\n<meta property=\"og:description\" content=\"\u201cCuidarte a ti mismo\u201d\u00a0es una frase que muchas veces se malinterpreta como un acto de ego\u00edsmo y poco emp\u00e1tica para con los dem\u00e1s. Pero\u00a0nunca debemos confundir ego\u00edsmo...\" \/>\n<meta property=\"og:url\" content=\"https:\/\/artepil.com\/english\/cuidado-personal\/cuidarte-a-ti-es-tambien-cuidar-a-los-demas-1\/\" \/>\n<meta property=\"og:site_name\" content=\"Artepil\" \/>\n<meta property=\"article:publisher\" content=\"https:\/\/www.facebook.com\/artepilspavallarta\" \/>\n<meta property=\"article:published_time\" content=\"2020-06-02T12:55:30+00:00\" \/>\n<meta property=\"article:modified_time\" content=\"2023-03-10T17:23:20+00:00\" \/>\n<meta property=\"og:image\" content=\"https:\/\/artepil.com\/english\/wp-content\/uploads\/2023\/03\/cuidarte-a-ti-es-tambien-cuidar-a-los-demas-1.jpg.webp\" \/>\n\t<meta property=\"og:image:width\" content=\"850\" \/>\n\t<meta property=\"og:image:height\" content=\"1000\" \/>\n\t<meta property=\"og:image:type\" content=\"image\/webp\" \/>\n<meta name=\"author\" content=\"Artepil\" \/>\n<meta name=\"twitter:card\" content=\"summary_large_image\" \/>\n<meta name=\"twitter:label1\" content=\"Escrito por\" \/>\n\t<meta name=\"twitter:data1\" content=\"Artepil\" \/>\n\t<meta name=\"twitter:label2\" content=\"Tiempo de lectura\" \/>\n\t<meta name=\"twitter:data2\" content=\"4 minutos\" \/>\n<script type=\"application\/ld+json\" class=\"yoast-schema-graph\">{\"@context\":\"https:\/\/schema.org\",\"@graph\":[{\"@type\":\"Article\",\"@id\":\"https:\/\/artepil.com\/english\/cuidado-personal\/cuidarte-a-ti-es-tambien-cuidar-a-los-demas-1\/#article\",\"isPartOf\":{\"@id\":\"https:\/\/artepil.com\/english\/cuidado-personal\/cuidarte-a-ti-es-tambien-cuidar-a-los-demas-1\/\"},\"author\":{\"name\":\"Artepil\",\"@id\":\"https:\/\/artepil.com\/english\/#\/schema\/person\/7c072645abc125087967137bc08faf78\"},\"headline\":\"Cuidarte a ti es tambi\u00e9n cuidar a los dem\u00e1s\",\"datePublished\":\"2020-06-02T12:55:30+00:00\",\"dateModified\":\"2023-03-10T17:23:20+00:00\",\"mainEntityOfPage\":{\"@id\":\"https:\/\/artepil.com\/english\/cuidado-personal\/cuidarte-a-ti-es-tambien-cuidar-a-los-demas-1\/\"},\"wordCount\":841,\"commentCount\":0,\"publisher\":{\"@id\":\"https:\/\/artepil.com\/english\/#organization\"},\"articleSection\":[\"Cuidado Personal\"],\"inLanguage\":\"es\",\"potentialAction\":[{\"@type\":\"CommentAction\",\"name\":\"Comment\",\"target\":[\"https:\/\/artepil.com\/english\/cuidado-personal\/cuidarte-a-ti-es-tambien-cuidar-a-los-demas-1\/#respond\"]}]},{\"@type\":\"WebPage\",\"@id\":\"https:\/\/artepil.com\/english\/cuidado-personal\/cuidarte-a-ti-es-tambien-cuidar-a-los-demas-1\/\",\"url\":\"https:\/\/artepil.com\/english\/cuidado-personal\/cuidarte-a-ti-es-tambien-cuidar-a-los-demas-1\/\",\"name\":\"Cuidarte a ti es tambi\u00e9n cuidar a los dem\u00e1s - Artepil\",\"isPartOf\":{\"@id\":\"https:\/\/artepil.com\/english\/#website\"},\"datePublished\":\"2020-06-02T12:55:30+00:00\",\"dateModified\":\"2023-03-10T17:23:20+00:00\",\"breadcrumb\":{\"@id\":\"https:\/\/artepil.com\/english\/cuidado-personal\/cuidarte-a-ti-es-tambien-cuidar-a-los-demas-1\/#breadcrumb\"},\"inLanguage\":\"es\",\"potentialAction\":[{\"@type\":\"ReadAction\",\"target\":[\"https:\/\/artepil.com\/english\/cuidado-personal\/cuidarte-a-ti-es-tambien-cuidar-a-los-demas-1\/\"]}]},{\"@type\":\"BreadcrumbList\",\"@id\":\"https:\/\/artepil.com\/english\/cuidado-personal\/cuidarte-a-ti-es-tambien-cuidar-a-los-demas-1\/#breadcrumb\",\"itemListElement\":[{\"@type\":\"ListItem\",\"position\":1,\"name\":\"Home\",\"item\":\"https:\/\/artepil.com\/english\/\"},{\"@type\":\"ListItem\",\"position\":2,\"name\":\"Cuidarte a ti es tambi\u00e9n cuidar a los dem\u00e1s\"}]},{\"@type\":\"WebSite\",\"@id\":\"https:\/\/artepil.com\/english\/#website\",\"url\":\"https:\/\/artepil.com\/english\/\",\"name\":\"Artepil\",\"description\":\"El arte de ser yo\",\"publisher\":{\"@id\":\"https:\/\/artepil.com\/english\/#organization\"},\"potentialAction\":[{\"@type\":\"SearchAction\",\"target\":{\"@type\":\"EntryPoint\",\"urlTemplate\":\"https:\/\/artepil.com\/english\/?s={search_term_string}\"},\"query-input\":\"required name=search_term_string\"}],\"inLanguage\":\"es\"},{\"@type\":\"Organization\",\"@id\":\"https:\/\/artepil.com\/english\/#organization\",\"name\":\"Artepil Spa - Depilaci\u00f3n Europea\",\"url\":\"https:\/\/artepil.com\/english\/\",\"logo\":{\"@type\":\"ImageObject\",\"inLanguage\":\"es\",\"@id\":\"https:\/\/artepil.com\/english\/#\/schema\/logo\/image\/\",\"url\":\"https:\/\/artepil.com\/english\/wp-content\/uploads\/2018\/03\/artepil.svg\",\"contentUrl\":\"https:\/\/artepil.com\/english\/wp-content\/uploads\/2018\/03\/artepil.svg\",\"width\":250,\"height\":83,\"caption\":\"Artepil Spa - Depilaci\u00f3n Europea\"},\"image\":{\"@id\":\"https:\/\/artepil.com\/english\/#\/schema\/logo\/image\/\"},\"sameAs\":[\"https:\/\/www.facebook.com\/artepilspavallarta\",\"https:\/\/www.instagram.com\/artepilspa\/\"]},{\"@type\":\"Person\",\"@id\":\"https:\/\/artepil.com\/english\/#\/schema\/person\/7c072645abc125087967137bc08faf78\",\"name\":\"Artepil\",\"image\":{\"@type\":\"ImageObject\",\"inLanguage\":\"es\",\"@id\":\"https:\/\/artepil.com\/english\/#\/schema\/person\/image\/\",\"url\":\"https:\/\/secure.gravatar.com\/avatar\/51cae95391d519c689bafb2d0e1cbeea6cfd6167f2f69acfd98f1e9d04278758?s=96&d=mm&r=g\",\"contentUrl\":\"https:\/\/secure.gravatar.com\/avatar\/51cae95391d519c689bafb2d0e1cbeea6cfd6167f2f69acfd98f1e9d04278758?s=96&d=mm&r=g\",\"caption\":\"Artepil\"},\"sameAs\":[\"https:\/\/artepil.com\/english\"],\"url\":\"https:\/\/artepil.com\/english\/author\/adminartepil\/\"}]}<\/script>\n<!-- \/ Yoast SEO Premium plugin. -->","yoast_head_json":{"title":"Cuidarte a ti es tambi\u00e9n cuidar a los dem\u00e1s - Artepil","robots":{"index":"index","follow":"follow","max-snippet":"max-snippet:-1","max-image-preview":"max-image-preview:large","max-video-preview":"max-video-preview:-1"},"canonical":"https:\/\/artepil.com\/english\/cuidado-personal\/cuidarte-a-ti-es-tambien-cuidar-a-los-demas-1\/","og_locale":"es_ES","og_type":"article","og_title":"Cuidarte a ti es tambi\u00e9n cuidar a los dem\u00e1s","og_description":"\u201cCuidarte a ti mismo\u201d\u00a0es una frase que muchas veces se malinterpreta como un acto de ego\u00edsmo y poco emp\u00e1tica para con los dem\u00e1s. Pero\u00a0nunca debemos confundir ego\u00edsmo...","og_url":"https:\/\/artepil.com\/english\/cuidado-personal\/cuidarte-a-ti-es-tambien-cuidar-a-los-demas-1\/","og_site_name":"Artepil","article_publisher":"https:\/\/www.facebook.com\/artepilspavallarta","article_published_time":"2020-06-02T12:55:30+00:00","article_modified_time":"2023-03-10T17:23:20+00:00","og_image":[{"width":850,"height":1000,"url":"https:\/\/artepil.com\/english\/wp-content\/uploads\/2023\/03\/cuidarte-a-ti-es-tambien-cuidar-a-los-demas-1.jpg.webp","type":"image\/webp"}],"author":"Artepil","twitter_card":"summary_large_image","twitter_misc":{"Escrito por":"Artepil","Tiempo de lectura":"4 minutos"},"schema":{"@context":"https:\/\/schema.org","@graph":[{"@type":"Article","@id":"https:\/\/artepil.com\/english\/cuidado-personal\/cuidarte-a-ti-es-tambien-cuidar-a-los-demas-1\/#article","isPartOf":{"@id":"https:\/\/artepil.com\/english\/cuidado-personal\/cuidarte-a-ti-es-tambien-cuidar-a-los-demas-1\/"},"author":{"name":"Artepil","@id":"https:\/\/artepil.com\/english\/#\/schema\/person\/7c072645abc125087967137bc08faf78"},"headline":"Cuidarte a ti es tambi\u00e9n cuidar a los dem\u00e1s","datePublished":"2020-06-02T12:55:30+00:00","dateModified":"2023-03-10T17:23:20+00:00","mainEntityOfPage":{"@id":"https:\/\/artepil.com\/english\/cuidado-personal\/cuidarte-a-ti-es-tambien-cuidar-a-los-demas-1\/"},"wordCount":841,"commentCount":0,"publisher":{"@id":"https:\/\/artepil.com\/english\/#organization"},"articleSection":["Cuidado Personal"],"inLanguage":"es","potentialAction":[{"@type":"CommentAction","name":"Comment","target":["https:\/\/artepil.com\/english\/cuidado-personal\/cuidarte-a-ti-es-tambien-cuidar-a-los-demas-1\/#respond"]}]},{"@type":"WebPage","@id":"https:\/\/artepil.com\/english\/cuidado-personal\/cuidarte-a-ti-es-tambien-cuidar-a-los-demas-1\/","url":"https:\/\/artepil.com\/english\/cuidado-personal\/cuidarte-a-ti-es-tambien-cuidar-a-los-demas-1\/","name":"Cuidarte a ti es tambi\u00e9n cuidar a los dem\u00e1s - Artepil","isPartOf":{"@id":"https:\/\/artepil.com\/english\/#website"},"datePublished":"2020-06-02T12:55:30+00:00","dateModified":"2023-03-10T17:23:20+00:00","breadcrumb":{"@id":"https:\/\/artepil.com\/english\/cuidado-personal\/cuidarte-a-ti-es-tambien-cuidar-a-los-demas-1\/#breadcrumb"},"inLanguage":"es","potentialAction":[{"@type":"ReadAction","target":["https:\/\/artepil.com\/english\/cuidado-personal\/cuidarte-a-ti-es-tambien-cuidar-a-los-demas-1\/"]}]},{"@type":"BreadcrumbList","@id":"https:\/\/artepil.com\/english\/cuidado-personal\/cuidarte-a-ti-es-tambien-cuidar-a-los-demas-1\/#breadcrumb","itemListElement":[{"@type":"ListItem","position":1,"name":"Home","item":"https:\/\/artepil.com\/english\/"},{"@type":"ListItem","position":2,"name":"Cuidarte a ti es tambi\u00e9n cuidar a los dem\u00e1s"}]},{"@type":"WebSite","@id":"https:\/\/artepil.com\/english\/#website","url":"https:\/\/artepil.com\/english\/","name":"Artepil","description":"El arte de ser yo","publisher":{"@id":"https:\/\/artepil.com\/english\/#organization"},"potentialAction":[{"@type":"SearchAction","target":{"@type":"EntryPoint","urlTemplate":"https:\/\/artepil.com\/english\/?s={search_term_string}"},"query-input":"required name=search_term_string"}],"inLanguage":"es"},{"@type":"Organization","@id":"https:\/\/artepil.com\/english\/#organization","name":"Artepil Spa - Depilaci\u00f3n Europea","url":"https:\/\/artepil.com\/english\/","logo":{"@type":"ImageObject","inLanguage":"es","@id":"https:\/\/artepil.com\/english\/#\/schema\/logo\/image\/","url":"https:\/\/artepil.com\/english\/wp-content\/uploads\/2018\/03\/artepil.svg","contentUrl":"https:\/\/artepil.com\/english\/wp-content\/uploads\/2018\/03\/artepil.svg","width":250,"height":83,"caption":"Artepil Spa - Depilaci\u00f3n Europea"},"image":{"@id":"https:\/\/artepil.com\/english\/#\/schema\/logo\/image\/"},"sameAs":["https:\/\/www.facebook.com\/artepilspavallarta","https:\/\/www.instagram.com\/artepilspa\/"]},{"@type":"Person","@id":"https:\/\/artepil.com\/english\/#\/schema\/person\/7c072645abc125087967137bc08faf78","name":"Artepil","image":{"@type":"ImageObject","inLanguage":"es","@id":"https:\/\/artepil.com\/english\/#\/schema\/person\/image\/","url":"https:\/\/secure.gravatar.com\/avatar\/51cae95391d519c689bafb2d0e1cbeea6cfd6167f2f69acfd98f1e9d04278758?s=96&d=mm&r=g","contentUrl":"https:\/\/secure.gravatar.com\/avatar\/51cae95391d519c689bafb2d0e1cbeea6cfd6167f2f69acfd98f1e9d04278758?s=96&d=mm&r=g","caption":"Artepil"},"sameAs":["https:\/\/artepil.com\/english"],"url":"https:\/\/artepil.com\/english\/author\/adminartepil\/"}]}},"_links":{"self":[{"href":"https:\/\/artepil.com\/english\/wp-json\/wp\/v2\/posts\/3030","targetHints":{"allow":["GET"]}}],"collection":[{"href":"https:\/\/artepil.com\/english\/wp-json\/wp\/v2\/posts"}],"about":[{"href":"https:\/\/artepil.com\/english\/wp-json\/wp\/v2\/types\/post"}],"author":[{"embeddable":true,"href":"https:\/\/artepil.com\/english\/wp-json\/wp\/v2\/users\/1"}],"replies":[{"embeddable":true,"href":"https:\/\/artepil.com\/english\/wp-json\/wp\/v2\/comments?post=3030"}],"version-history":[{"count":3,"href":"https:\/\/artepil.com\/english\/wp-json\/wp\/v2\/posts\/3030\/revisions"}],"predecessor-version":[{"id":3035,"href":"https:\/\/artepil.com\/english\/wp-json\/wp\/v2\/posts\/3030\/revisions\/3035"}],"wp:featuredmedia":[{"embeddable":true,"href":"https:\/\/artepil.com\/english\/wp-json\/wp\/v2\/media\/3034"}],"wp:attachment":[{"href":"https:\/\/artepil.com\/english\/wp-json\/wp\/v2\/media?parent=3030"}],"wp:term":[{"taxonomy":"category","embeddable":true,"href":"https:\/\/artepil.com\/english\/wp-json\/wp\/v2\/categories?post=3030"},{"taxonomy":"post_tag","embeddable":true,"href":"https:\/\/artepil.com\/english\/wp-json\/wp\/v2\/tags?post=3030"}],"curies":[{"name":"wp","href":"https:\/\/api.w.org\/{rel}","templated":true}]}}